{"id":2641,"date":"2018-08-23T08:29:21","date_gmt":"2018-08-23T08:29:21","guid":{"rendered":"http:\/\/turismo.uma.pt\/?p=2641"},"modified":"2018-09-18T11:41:41","modified_gmt":"2018-09-18T11:41:41","slug":"entrevistas-projeto-slow-tourism-tourism","status":"publish","type":"post","link":"https:\/\/turismo.uma.pt\/?p=2641","title":{"rendered":"Entrevistas para o Projeto Slow Tourism &#038; E-Tourism"},"content":{"rendered":"<p>Aqui fica o registo do trabalho que tem vindo a ser feito pela UMa a respeito do Projeto &#8220;Slow Tourism &amp; E-Tourism: prepare to change for the close future&#8221; (STET).<br \/>\nAo longo dos \u00faltimos meses, v\u00e1rios especialistas em turismo, hotelaria, tecnologias e atividades na natureza t\u00eam sido entrevistados com o prop\u00f3sito de recolher imagens para o produto final do Projeto &#8211; um curso online sobre Slow Tourism &amp; E-Tourism. Dispon\u00edvel em breve!<\/p>\n<p>*<\/p>\n<p>Projeto: Slow Tourism &amp; E-Tourism: prepar<span class=\"text_exposed_show\">e to change for the close future (STET)<\/span><\/p>\n<div class=\"text_exposed_show\">\n<p>Parceiros:\u00a0<a class=\"profileLink\" href=\"https:\/\/www.facebook.com\/GroupeAFORMAC\/?fref=mentions&amp;__xts__%5B0%5D=68.ARDbqh3krY4LDV9hjFnlDsyfkGlFBP8Ty7-liNwdIxmac1CvMTmJiaw8fsllZYSk9ogK_Wz7Bmiz7Ouul4SYeEBZoO-5idKiM7aAsKpe_wZ_mn9z8WCcXdhhuHgo12WcHEJHgII&amp;__tn__=K-R\" data-hovercard=\"\/ajax\/hovercard\/page.php?id=1392513087733416&amp;extragetparams=%7B%22fref%22%3A%22mentions%22%7D\" data-hovercard-prefer-more-content-show=\"1\">AFORMAC<\/a>; P.A.P Corp. Hotels;\u00a0<a class=\"profileLink\" href=\"https:\/\/www.facebook.com\/euroformrfsrende\/?fref=mentions&amp;__xts__%5B0%5D=68.ARDbqh3krY4LDV9hjFnlDsyfkGlFBP8Ty7-liNwdIxmac1CvMTmJiaw8fsllZYSk9ogK_Wz7Bmiz7Ouul4SYeEBZoO-5idKiM7aAsKpe_wZ_mn9z8WCcXdhhuHgo12WcHEJHgII&amp;__tn__=K-R\" data-hovercard=\"\/ajax\/hovercard\/page.php?id=217004515117612&amp;extragetparams=%7B%22fref%22%3A%22mentions%22%7D\" data-hovercard-prefer-more-content-show=\"1\">Euroform RFS<\/a>\u00a0e\u00a0<a class=\"profileLink\" href=\"https:\/\/www.facebook.com\/UniversitatUIB\/?fref=mentions&amp;__xts__%5B0%5D=68.ARDbqh3krY4LDV9hjFnlDsyfkGlFBP8Ty7-liNwdIxmac1CvMTmJiaw8fsllZYSk9ogK_Wz7Bmiz7Ouul4SYeEBZoO-5idKiM7aAsKpe_wZ_mn9z8WCcXdhhuHgo12WcHEJHgII&amp;__tn__=K-R\" data-hovercard=\"\/ajax\/hovercard\/page.php?id=416787635107700&amp;extragetparams=%7B%22fref%22%3A%22mentions%22%7D\" data-hovercard-prefer-more-content-show=\"1\">Universitat de les Illes Balears<\/a><\/p>\n<p>Programa: Erasmus +<\/p>\n<p>*<\/p>\n<p><img loading=\"lazy\" decoding=\"async\" class=\"aligncenter size-full wp-image-2642\" src=\"http:\/\/turismo.uma.pt\/wp-content\/uploads\/2018\/08\/27527.jpg\" alt=\"\" width=\"1857\" height=\"929\" srcset=\"https:\/\/turismo.uma.pt\/wp-content\/uploads\/2018\/08\/27527.jpg 1857w, https:\/\/turismo.uma.pt\/wp-content\/uploads\/2018\/08\/27527-300x150.jpg 300w, https:\/\/turismo.uma.pt\/wp-content\/uploads\/2018\/08\/27527-768x384.jpg 768w, https:\/\/turismo.uma.pt\/wp-content\/uploads\/2018\/08\/27527-1024x512.jpg 1024w\" sizes=\"auto, (max-width: 1857px) 100vw, 1857px\" \/> <img loading=\"lazy\" decoding=\"async\" class=\"aligncenter size-full wp-image-2643\" src=\"http:\/\/turismo.uma.pt\/wp-content\/uploads\/2018\/08\/59634.jpg\" alt=\"\" width=\"1905\" height=\"1071\" srcset=\"https:\/\/turismo.uma.pt\/wp-content\/uploads\/2018\/08\/59634.jpg 1905w, https:\/\/turismo.uma.pt\/wp-content\/uploads\/2018\/08\/59634-300x169.jpg 300w, https:\/\/turismo.uma.pt\/wp-content\/uploads\/2018\/08\/59634-768x432.jpg 768w, https:\/\/turismo.uma.pt\/wp-content\/uploads\/2018\/08\/59634-1024x576.jpg 1024w\" sizes=\"auto, (max-width: 1905px) 100vw, 1905px\" \/><img loading=\"lazy\" decoding=\"async\" class=\"aligncenter size-full wp-image-2648\" src=\"http:\/\/turismo.uma.pt\/wp-content\/uploads\/2018\/08\/IMG_20180125_160157.jpg\" alt=\"\" width=\"2336\" height=\"4160\" srcset=\"https:\/\/turismo.uma.pt\/wp-content\/uploads\/2018\/08\/IMG_20180125_160157.jpg 2336w, https:\/\/turismo.uma.pt\/wp-content\/uploads\/2018\/08\/IMG_20180125_160157-168x300.jpg 168w, https:\/\/turismo.uma.pt\/wp-content\/uploads\/2018\/08\/IMG_20180125_160157-768x1368.jpg 768w, https:\/\/turismo.uma.pt\/wp-content\/uploads\/2018\/08\/IMG_20180125_160157-575x1024.jpg 575w\" sizes=\"auto, (max-width: 2336px) 100vw, 2336px\" \/><img loading=\"lazy\" decoding=\"async\" class=\"aligncenter size-full wp-image-2651\" src=\"http:\/\/turismo.uma.pt\/wp-content\/uploads\/2018\/08\/IMG_20180712_103904.jpg\" alt=\"\" width=\"3120\" height=\"4160\" srcset=\"https:\/\/turismo.uma.pt\/wp-content\/uploads\/2018\/08\/IMG_20180712_103904.jpg 3120w, https:\/\/turismo.uma.pt\/wp-content\/uploads\/2018\/08\/IMG_20180712_103904-225x300.jpg 225w, https:\/\/turismo.uma.pt\/wp-content\/uploads\/2018\/08\/IMG_20180712_103904-768x1024.jpg 768w\" sizes=\"auto, (max-width: 3120px) 100vw, 3120px\" \/><img loading=\"lazy\" decoding=\"async\" class=\"aligncenter size-full wp-image-2653\" src=\"http:\/\/turismo.uma.pt\/wp-content\/uploads\/2018\/08\/IMG_20180719_154500.jpg\" alt=\"\" width=\"3120\" height=\"4160\" srcset=\"https:\/\/turismo.uma.pt\/wp-content\/uploads\/2018\/08\/IMG_20180719_154500.jpg 3120w, https:\/\/turismo.uma.pt\/wp-content\/uploads\/2018\/08\/IMG_20180719_154500-225x300.jpg 225w, https:\/\/turismo.uma.pt\/wp-content\/uploads\/2018\/08\/IMG_20180719_154500-768x1024.jpg 768w\" sizes=\"auto, (max-width: 3120px) 100vw, 3120px\" \/><img loading=\"lazy\" decoding=\"async\" class=\"aligncenter size-full wp-image-2644\" src=\"http:\/\/turismo.uma.pt\/wp-content\/uploads\/2018\/08\/514585.jpg\" alt=\"\" width=\"1833\" height=\"1007\" srcset=\"https:\/\/turismo.uma.pt\/wp-content\/uploads\/2018\/08\/514585.jpg 1833w, https:\/\/turismo.uma.pt\/wp-content\/uploads\/2018\/08\/514585-300x165.jpg 300w, https:\/\/turismo.uma.pt\/wp-content\/uploads\/2018\/08\/514585-768x422.jpg 768w, https:\/\/turismo.uma.pt\/wp-content\/uploads\/2018\/08\/514585-1024x563.jpg 1024w\" sizes=\"auto, (max-width: 1833px) 100vw, 1833px\" \/><img loading=\"lazy\" decoding=\"async\" class=\"aligncenter size-full wp-image-2645\" src=\"http:\/\/turismo.uma.pt\/wp-content\/uploads\/2018\/08\/257482572.jpg\" alt=\"\" width=\"1840\" height=\"896\" srcset=\"https:\/\/turismo.uma.pt\/wp-content\/uploads\/2018\/08\/257482572.jpg 1840w, https:\/\/turismo.uma.pt\/wp-content\/uploads\/2018\/08\/257482572-300x146.jpg 300w, https:\/\/turismo.uma.pt\/wp-content\/uploads\/2018\/08\/257482572-768x374.jpg 768w, https:\/\/turismo.uma.pt\/wp-content\/uploads\/2018\/08\/257482572-1024x499.jpg 1024w\" sizes=\"auto, (max-width: 1840px) 100vw, 1840px\" \/><\/p>\n<\/div>\n","protected":false},"excerpt":{"rendered":"<p>Aqui fica o registo do trabalho que tem vindo a ser feito pela UMa a respeito do Projeto &#8220;Slow Tourism &amp; E-Tourism: prepare to change for the close future&#8221; (STET). Ao longo dos \u00faltimos meses, v\u00e1rios especialistas em turismo, hotelaria, tecnologias e atividades na natureza t\u00eam sido entrevistados com o prop\u00f3sito de recolher imagens para&hellip;<\/p>\n","protected":false},"author":1,"featured_media":0,"comment_status":"closed","ping_status":"open","sticky":false,"template":"","format":"standard","meta":{"_monsterinsights_skip_tracking":false,"_monsterinsights_sitenote_active":false,"_monsterinsights_sitenote_note":"","_monsterinsights_sitenote_category":0,"footnotes":""},"categories":[56],"tags":[],"class_list":["post-2641","post","type-post","status-publish","format-standard","hentry","category-projetos"],"yoast_head":"<!-- This site is optimized with the Yoast SEO plugin v27.4 - https:\/\/yoast.com\/product\/yoast-seo-wordpress\/ -->\n<title>Entrevistas para o Projeto Slow Tourism &amp; E-Tourism - Projeto Turismo<\/title>\n<meta name=\"robots\" content=\"index, follow, max-snippet:-1, max-image-preview:large, max-video-preview:-1\" \/>\n<link rel=\"canonical\" href=\"https:\/\/turismo.uma.pt\/?p=2641\" \/>\n<meta property=\"og:locale\" content=\"pt_PT\" \/>\n<meta property=\"og:type\" content=\"article\" \/>\n<meta property=\"og:title\" content=\"Entrevistas para o Projeto Slow Tourism &amp; E-Tourism - Projeto Turismo\" \/>\n<meta property=\"og:description\" content=\"Aqui fica o registo do trabalho que tem vindo a ser feito pela UMa a respeito do Projeto &#8220;Slow Tourism &amp; E-Tourism: prepare to change for the close future&#8221; (STET). Ao longo dos \u00faltimos meses, v\u00e1rios especialistas em turismo, hotelaria, tecnologias e atividades na natureza t\u00eam sido entrevistados com o prop\u00f3sito de recolher imagens para&hellip;\" \/>\n<meta property=\"og:url\" content=\"https:\/\/turismo.uma.pt\/?p=2641\" \/>\n<meta property=\"og:site_name\" content=\"Projeto Turismo\" \/>\n<meta property=\"article:published_time\" content=\"2018-08-23T08:29:21+00:00\" \/>\n<meta property=\"article:modified_time\" content=\"2018-09-18T11:41:41+00:00\" \/>\n<meta property=\"og:image\" content=\"http:\/\/turismo.uma.pt\/wp-content\/uploads\/2018\/08\/27527.jpg\" \/>\n<meta name=\"author\" content=\"Projeto Turismo - UMa\" \/>\n<meta name=\"twitter:card\" content=\"summary_large_image\" \/>\n<meta name=\"twitter:label1\" content=\"Escrito por\" \/>\n\t<meta name=\"twitter:data1\" content=\"Projeto Turismo - UMa\" \/>\n\t<meta name=\"twitter:label2\" content=\"Tempo estimado de leitura\" \/>\n\t<meta name=\"twitter:data2\" content=\"1 minuto\" \/>\n<script type=\"application\/ld+json\" class=\"yoast-schema-graph\">{\"@context\":\"https:\\\/\\\/schema.org\",\"@graph\":[{\"@type\":\"Article\",\"@id\":\"https:\\\/\\\/turismo.uma.pt\\\/?p=2641#article\",\"isPartOf\":{\"@id\":\"https:\\\/\\\/turismo.uma.pt\\\/?p=2641\"},\"author\":{\"name\":\"Projeto Turismo - UMa\",\"@id\":\"https:\\\/\\\/turismo.uma.pt\\\/#\\\/schema\\\/person\\\/50f92df56f4e61db01d92afb0b8589ff\"},\"headline\":\"Entrevistas para o Projeto Slow Tourism &#038; E-Tourism\",\"datePublished\":\"2018-08-23T08:29:21+00:00\",\"dateModified\":\"2018-09-18T11:41:41+00:00\",\"mainEntityOfPage\":{\"@id\":\"https:\\\/\\\/turismo.uma.pt\\\/?p=2641\"},\"wordCount\":113,\"image\":{\"@id\":\"https:\\\/\\\/turismo.uma.pt\\\/?p=2641#primaryimage\"},\"thumbnailUrl\":\"http:\\\/\\\/turismo.uma.pt\\\/wp-content\\\/uploads\\\/2018\\\/08\\\/27527.jpg\",\"articleSection\":[\"Projetos\"],\"inLanguage\":\"pt-PT\"},{\"@type\":\"WebPage\",\"@id\":\"https:\\\/\\\/turismo.uma.pt\\\/?p=2641\",\"url\":\"https:\\\/\\\/turismo.uma.pt\\\/?p=2641\",\"name\":\"Entrevistas para o Projeto Slow Tourism & E-Tourism - Projeto Turismo\",\"isPartOf\":{\"@id\":\"https:\\\/\\\/turismo.uma.pt\\\/#website\"},\"primaryImageOfPage\":{\"@id\":\"https:\\\/\\\/turismo.uma.pt\\\/?p=2641#primaryimage\"},\"image\":{\"@id\":\"https:\\\/\\\/turismo.uma.pt\\\/?p=2641#primaryimage\"},\"thumbnailUrl\":\"http:\\\/\\\/turismo.uma.pt\\\/wp-content\\\/uploads\\\/2018\\\/08\\\/27527.jpg\",\"datePublished\":\"2018-08-23T08:29:21+00:00\",\"dateModified\":\"2018-09-18T11:41:41+00:00\",\"author\":{\"@id\":\"https:\\\/\\\/turismo.uma.pt\\\/#\\\/schema\\\/person\\\/50f92df56f4e61db01d92afb0b8589ff\"},\"inLanguage\":\"pt-PT\",\"potentialAction\":[{\"@type\":\"ReadAction\",\"target\":[\"https:\\\/\\\/turismo.uma.pt\\\/?p=2641\"]}]},{\"@type\":\"ImageObject\",\"inLanguage\":\"pt-PT\",\"@id\":\"https:\\\/\\\/turismo.uma.pt\\\/?p=2641#primaryimage\",\"url\":\"http:\\\/\\\/turismo.uma.pt\\\/wp-content\\\/uploads\\\/2018\\\/08\\\/27527.jpg\",\"contentUrl\":\"http:\\\/\\\/turismo.uma.pt\\\/wp-content\\\/uploads\\\/2018\\\/08\\\/27527.jpg\"},{\"@type\":\"WebSite\",\"@id\":\"https:\\\/\\\/turismo.uma.pt\\\/#website\",\"url\":\"https:\\\/\\\/turismo.uma.pt\\\/\",\"name\":\"Projeto Turismo\",\"description\":\"Universidade da Madeira\",\"potentialAction\":[{\"@type\":\"SearchAction\",\"target\":{\"@type\":\"EntryPoint\",\"urlTemplate\":\"https:\\\/\\\/turismo.uma.pt\\\/?s={search_term_string}\"},\"query-input\":{\"@type\":\"PropertyValueSpecification\",\"valueRequired\":true,\"valueName\":\"search_term_string\"}}],\"inLanguage\":\"pt-PT\"},{\"@type\":\"Person\",\"@id\":\"https:\\\/\\\/turismo.uma.pt\\\/#\\\/schema\\\/person\\\/50f92df56f4e61db01d92afb0b8589ff\",\"name\":\"Projeto Turismo - UMa\",\"image\":{\"@type\":\"ImageObject\",\"inLanguage\":\"pt-PT\",\"@id\":\"https:\\\/\\\/secure.gravatar.com\\\/avatar\\\/2592bc12bd40eaa70744802517aa1e23070df8c90e0fbdc9c4a0510a853a08df?s=96&d=blank&r=g\",\"url\":\"https:\\\/\\\/secure.gravatar.com\\\/avatar\\\/2592bc12bd40eaa70744802517aa1e23070df8c90e0fbdc9c4a0510a853a08df?s=96&d=blank&r=g\",\"contentUrl\":\"https:\\\/\\\/secure.gravatar.com\\\/avatar\\\/2592bc12bd40eaa70744802517aa1e23070df8c90e0fbdc9c4a0510a853a08df?s=96&d=blank&r=g\",\"caption\":\"Projeto Turismo - UMa\"},\"url\":\"https:\\\/\\\/turismo.uma.pt\\\/?author=1\"}]}<\/script>\n<!-- \/ Yoast SEO plugin. -->","yoast_head_json":{"title":"Entrevistas para o Projeto Slow Tourism & E-Tourism - Projeto Turismo","robots":{"index":"index","follow":"follow","max-snippet":"max-snippet:-1","max-image-preview":"max-image-preview:large","max-video-preview":"max-video-preview:-1"},"canonical":"https:\/\/turismo.uma.pt\/?p=2641","og_locale":"pt_PT","og_type":"article","og_title":"Entrevistas para o Projeto Slow Tourism & E-Tourism - Projeto Turismo","og_description":"Aqui fica o registo do trabalho que tem vindo a ser feito pela UMa a respeito do Projeto &#8220;Slow Tourism &amp; E-Tourism: prepare to change for the close future&#8221; (STET). Ao longo dos \u00faltimos meses, v\u00e1rios especialistas em turismo, hotelaria, tecnologias e atividades na natureza t\u00eam sido entrevistados com o prop\u00f3sito de recolher imagens para&hellip;","og_url":"https:\/\/turismo.uma.pt\/?p=2641","og_site_name":"Projeto Turismo","article_published_time":"2018-08-23T08:29:21+00:00","article_modified_time":"2018-09-18T11:41:41+00:00","og_image":[{"url":"http:\/\/turismo.uma.pt\/wp-content\/uploads\/2018\/08\/27527.jpg","type":"","width":"","height":""}],"author":"Projeto Turismo - UMa","twitter_card":"summary_large_image","twitter_misc":{"Escrito por":"Projeto Turismo - UMa","Tempo estimado de leitura":"1 minuto"},"schema":{"@context":"https:\/\/schema.org","@graph":[{"@type":"Article","@id":"https:\/\/turismo.uma.pt\/?p=2641#article","isPartOf":{"@id":"https:\/\/turismo.uma.pt\/?p=2641"},"author":{"name":"Projeto Turismo - UMa","@id":"https:\/\/turismo.uma.pt\/#\/schema\/person\/50f92df56f4e61db01d92afb0b8589ff"},"headline":"Entrevistas para o Projeto Slow Tourism &#038; E-Tourism","datePublished":"2018-08-23T08:29:21+00:00","dateModified":"2018-09-18T11:41:41+00:00","mainEntityOfPage":{"@id":"https:\/\/turismo.uma.pt\/?p=2641"},"wordCount":113,"image":{"@id":"https:\/\/turismo.uma.pt\/?p=2641#primaryimage"},"thumbnailUrl":"http:\/\/turismo.uma.pt\/wp-content\/uploads\/2018\/08\/27527.jpg","articleSection":["Projetos"],"inLanguage":"pt-PT"},{"@type":"WebPage","@id":"https:\/\/turismo.uma.pt\/?p=2641","url":"https:\/\/turismo.uma.pt\/?p=2641","name":"Entrevistas para o Projeto Slow Tourism & E-Tourism - Projeto Turismo","isPartOf":{"@id":"https:\/\/turismo.uma.pt\/#website"},"primaryImageOfPage":{"@id":"https:\/\/turismo.uma.pt\/?p=2641#primaryimage"},"image":{"@id":"https:\/\/turismo.uma.pt\/?p=2641#primaryimage"},"thumbnailUrl":"http:\/\/turismo.uma.pt\/wp-content\/uploads\/2018\/08\/27527.jpg","datePublished":"2018-08-23T08:29:21+00:00","dateModified":"2018-09-18T11:41:41+00:00","author":{"@id":"https:\/\/turismo.uma.pt\/#\/schema\/person\/50f92df56f4e61db01d92afb0b8589ff"},"inLanguage":"pt-PT","potentialAction":[{"@type":"ReadAction","target":["https:\/\/turismo.uma.pt\/?p=2641"]}]},{"@type":"ImageObject","inLanguage":"pt-PT","@id":"https:\/\/turismo.uma.pt\/?p=2641#primaryimage","url":"http:\/\/turismo.uma.pt\/wp-content\/uploads\/2018\/08\/27527.jpg","contentUrl":"http:\/\/turismo.uma.pt\/wp-content\/uploads\/2018\/08\/27527.jpg"},{"@type":"WebSite","@id":"https:\/\/turismo.uma.pt\/#website","url":"https:\/\/turismo.uma.pt\/","name":"Projeto Turismo","description":"Universidade da Madeira","potentialAction":[{"@type":"SearchAction","target":{"@type":"EntryPoint","urlTemplate":"https:\/\/turismo.uma.pt\/?s={search_term_string}"},"query-input":{"@type":"PropertyValueSpecification","valueRequired":true,"valueName":"search_term_string"}}],"inLanguage":"pt-PT"},{"@type":"Person","@id":"https:\/\/turismo.uma.pt\/#\/schema\/person\/50f92df56f4e61db01d92afb0b8589ff","name":"Projeto Turismo - UMa","image":{"@type":"ImageObject","inLanguage":"pt-PT","@id":"https:\/\/secure.gravatar.com\/avatar\/2592bc12bd40eaa70744802517aa1e23070df8c90e0fbdc9c4a0510a853a08df?s=96&d=blank&r=g","url":"https:\/\/secure.gravatar.com\/avatar\/2592bc12bd40eaa70744802517aa1e23070df8c90e0fbdc9c4a0510a853a08df?s=96&d=blank&r=g","contentUrl":"https:\/\/secure.gravatar.com\/avatar\/2592bc12bd40eaa70744802517aa1e23070df8c90e0fbdc9c4a0510a853a08df?s=96&d=blank&r=g","caption":"Projeto Turismo - UMa"},"url":"https:\/\/turismo.uma.pt\/?author=1"}]}},"_links":{"self":[{"href":"https:\/\/turismo.uma.pt\/index.php?rest_route=\/wp\/v2\/posts\/2641","targetHints":{"allow":["GET"]}}],"collection":[{"href":"https:\/\/turismo.uma.pt\/index.php?rest_route=\/wp\/v2\/posts"}],"about":[{"href":"https:\/\/turismo.uma.pt\/index.php?rest_route=\/wp\/v2\/types\/post"}],"author":[{"embeddable":true,"href":"https:\/\/turismo.uma.pt\/index.php?rest_route=\/wp\/v2\/users\/1"}],"replies":[{"embeddable":true,"href":"https:\/\/turismo.uma.pt\/index.php?rest_route=%2Fwp%2Fv2%2Fcomments&post=2641"}],"version-history":[{"count":5,"href":"https:\/\/turismo.uma.pt\/index.php?rest_route=\/wp\/v2\/posts\/2641\/revisions"}],"predecessor-version":[{"id":2659,"href":"https:\/\/turismo.uma.pt\/index.php?rest_route=\/wp\/v2\/posts\/2641\/revisions\/2659"}],"wp:attachment":[{"href":"https:\/\/turismo.uma.pt\/index.php?rest_route=%2Fwp%2Fv2%2Fmedia&parent=2641"}],"wp:term":[{"taxonomy":"category","embeddable":true,"href":"https:\/\/turismo.uma.pt\/index.php?rest_route=%2Fwp%2Fv2%2Fcategories&post=2641"},{"taxonomy":"post_tag","embeddable":true,"href":"https:\/\/turismo.uma.pt\/index.php?rest_route=%2Fwp%2Fv2%2Ftags&post=2641"}],"curies":[{"name":"wp","href":"https:\/\/api.w.org\/{rel}","templated":true}]}}