{"id":2988,"date":"2019-02-28T16:51:40","date_gmt":"2019-02-28T16:51:40","guid":{"rendered":"http:\/\/turismo.uma.pt\/?p=2988"},"modified":"2019-03-06T16:54:59","modified_gmt":"2019-03-06T16:54:59","slug":"2988","status":"publish","type":"post","link":"https:\/\/turismo.uma.pt\/?p=2988","title":{"rendered":""},"content":{"rendered":"<p style=\"text-align: justify;\"><span style=\"font-size: 18pt; font-family: georgia, palatino, serif;\">O Projeto Turismo, em parceria com a ACIF-CCIM &#8211; Associa\u00e7\u00e3o Comercial e Industrial do Funchal, est\u00e1 a realizar um estudo sobre os h\u00e1bitos de consumo dos residentes na ilha da Madeira.<\/span><\/p>\n<p style=\"text-align: justify;\"><span style=\"font-size: 18pt; font-family: georgia, palatino, serif;\">Pode dar a sua contribui\u00e7\u00e3o, atrav\u00e9s do preenchimento do question\u00e1rio presente no seguinte link:\u00a0<\/span><br \/>\n<span style=\"font-size: 18pt; font-family: georgia, palatino, serif;\"><a href=\"https:\/\/docs.google.com\/forms\/d\/e\/1FAIpQLSc67bLpz0gtM2e_xV1idaqhxD6Ty4t8saLu1LvOdJ-3T5UwkQ\/viewform?fbclid=IwAR1f6HVX4Q4zITxQPtzfaXIOyFgJxwnpJAwE7GR_XEqRRvc-hXrgwK8gyko\" target=\"_blank\" rel=\"noopener nofollow\" data-ft=\"{&quot;tn&quot;:&quot;-U&quot;}\" data-lynx-mode=\"async\" data-lynx-uri=\"https:\/\/l.facebook.com\/l.php?u=https%3A%2F%2Fdocs.google.com%2Fforms%2Fd%2Fe%2F1FAIpQLSc67bLpz0gtM2e_xV1idaqhxD6Ty4t8saLu1LvOdJ-3T5UwkQ%2Fviewform%3Ffbclid%3DIwAR1f6HVX4Q4zITxQPtzfaXIOyFgJxwnpJAwE7GR_XEqRRvc-hXrgwK8gyko&amp;h=AT12vCvidxs1OH7UiUJXCvDAJ0BtYYWSMLfqY48Wf9-rdjKeZCEKtASThJjUIbdJwHHYYOh07-h4lcfLeVzmipQtzeMAOedY70yusITBM-36c3Te-sb5pr1OM_BP3BXJh6FdIhmD0sp2n9oF40CkoHOL7IIw0BF9jQQ_ay8JWGW5wIDHhpHPhDoQ3a97G63X19YH5qWhBx8uE-Wwc0cxsa1NN4NR7JH9Xup2v8Vhobvt4zvAqcisq-e9QpLlKREtR2xXy5njcqR160wf7fOm-mSC1kcXH-j4kHVGKxvakczQ0CvQ7Ax5jPh1kwG1-_LZG7CqVX8QX0lpXhRxHy6D0asC0afWVacz9Gvfq3Tc7GCNB0Ech3o6bl9x7N3WAl8QfsyhRR-9Go53qNemNu887HxcDrrodAfDButjY1VyVOTeaOQLjP8a77L0I0MalkhFM3RjZZCSgjuEjZ_XWzGNhoa_SosKyP9w0PtM6k38fLca3jVqPj5hQuEXfi4iGPG9ipKfevY9LPpj7EwMA_BbPna68J3ieibRVOtNrkTO3JB3BqqFMpCjy9BLu5X7LOTDH2UsKlpgV9gxVCSdMX2tOFQwqnWeOlEEvQgyScgG9s2OIAcO0owk5NfHA1Wo9pZ4xNUP5KKCtZJdRL2iaNCbVQ\">https:\/\/docs.google.com\/1FAIpQLSc67bLpz0gtM2e_x\/viewform<\/a><\/span><\/p>\n<div class=\"text_exposed_show\">\n<p style=\"text-align: justify;\"><span style=\"font-size: 18pt; font-family: georgia, palatino, serif;\">Saiba que o seu feedback \u00e9 muito importante para n\u00f3s, para que possamos sempre corresponder \u00e0s suas expetativas.<\/span><\/p>\n<p style=\"text-align: justify;\"><span style=\"font-size: 18pt; font-family: georgia, palatino, serif;\">Agradecemos a sua participa\u00e7\u00e3o.\u00a0<\/span><\/p>\n<\/div>\n","protected":false},"excerpt":{"rendered":"<p>O Projeto Turismo, em parceria com a ACIF-CCIM &#8211; Associa\u00e7\u00e3o Comercial e Industrial do Funchal, est\u00e1 a realizar um estudo sobre os h\u00e1bitos de consumo dos residentes na ilha da Madeira. Pode dar a sua contribui\u00e7\u00e3o, atrav\u00e9s do preenchimento do question\u00e1rio presente no seguinte link:\u00a0 https:\/\/docs.google.com\/1FAIpQLSc67bLpz0gtM2e_x\/viewform Saiba que o seu feedback \u00e9 muito importante para&hellip;<\/p>\n","protected":false},"author":1,"featured_media":2676,"comment_status":"closed","ping_status":"open","sticky":false,"template":"","format":"standard","meta":{"_monsterinsights_skip_tracking":false,"_monsterinsights_sitenote_active":false,"_monsterinsights_sitenote_note":"","_monsterinsights_sitenote_category":0,"footnotes":""},"categories":[1],"tags":[],"class_list":["post-2988","post","type-post","status-publish","format-standard","has-post-thumbnail","hentry","category-sem-categoria"],"yoast_head":"<!-- This site is optimized with the Yoast SEO plugin v27.4 - https:\/\/yoast.com\/product\/yoast-seo-wordpress\/ -->\n<title>- Projeto Turismo<\/title>\n<meta name=\"robots\" content=\"index, follow, max-snippet:-1, max-image-preview:large, max-video-preview:-1\" \/>\n<link rel=\"canonical\" href=\"https:\/\/turismo.uma.pt\/?p=2988\" \/>\n<meta property=\"og:locale\" content=\"pt_PT\" \/>\n<meta property=\"og:type\" content=\"article\" \/>\n<meta property=\"og:title\" content=\"- Projeto Turismo\" \/>\n<meta property=\"og:description\" content=\"O Projeto Turismo, em parceria com a ACIF-CCIM &#8211; Associa\u00e7\u00e3o Comercial e Industrial do Funchal, est\u00e1 a realizar um estudo sobre os h\u00e1bitos de consumo dos residentes na ilha da Madeira. Pode dar a sua contribui\u00e7\u00e3o, atrav\u00e9s do preenchimento do question\u00e1rio presente no seguinte link:\u00a0 https:\/\/docs.google.com\/1FAIpQLSc67bLpz0gtM2e_x\/viewform Saiba que o seu feedback \u00e9 muito importante para&hellip;\" \/>\n<meta property=\"og:url\" content=\"https:\/\/turismo.uma.pt\/?p=2988\" \/>\n<meta property=\"og:site_name\" content=\"Projeto Turismo\" \/>\n<meta property=\"article:published_time\" content=\"2019-02-28T16:51:40+00:00\" \/>\n<meta property=\"article:modified_time\" content=\"2019-03-06T16:54:59+00:00\" \/>\n<meta property=\"og:image\" content=\"https:\/\/turismo.uma.pt\/wp-content\/uploads\/2018\/08\/statistic-1564428_960_720.png\" \/>\n\t<meta property=\"og:image:width\" content=\"720\" \/>\n\t<meta property=\"og:image:height\" content=\"720\" \/>\n\t<meta property=\"og:image:type\" content=\"image\/png\" \/>\n<meta name=\"author\" content=\"Projeto Turismo - UMa\" \/>\n<meta name=\"twitter:card\" content=\"summary_large_image\" \/>\n<meta name=\"twitter:label1\" content=\"Escrito por\" \/>\n\t<meta name=\"twitter:data1\" content=\"Projeto Turismo - UMa\" \/>\n<script type=\"application\/ld+json\" class=\"yoast-schema-graph\">{\"@context\":\"https:\\\/\\\/schema.org\",\"@graph\":[{\"@type\":\"Article\",\"@id\":\"https:\\\/\\\/turismo.uma.pt\\\/?p=2988#article\",\"isPartOf\":{\"@id\":\"https:\\\/\\\/turismo.uma.pt\\\/?p=2988\"},\"author\":{\"name\":\"Projeto Turismo - UMa\",\"@id\":\"https:\\\/\\\/turismo.uma.pt\\\/#\\\/schema\\\/person\\\/50f92df56f4e61db01d92afb0b8589ff\"},\"headline\":\"Sem t\u00edtulo\",\"datePublished\":\"2019-02-28T16:51:40+00:00\",\"dateModified\":\"2019-03-06T16:54:59+00:00\",\"mainEntityOfPage\":{\"@id\":\"https:\\\/\\\/turismo.uma.pt\\\/?p=2988\"},\"wordCount\":83,\"image\":{\"@id\":\"https:\\\/\\\/turismo.uma.pt\\\/?p=2988#primaryimage\"},\"thumbnailUrl\":\"https:\\\/\\\/turismo.uma.pt\\\/wp-content\\\/uploads\\\/2018\\\/08\\\/statistic-1564428_960_720.png\",\"inLanguage\":\"pt-PT\"},{\"@type\":\"WebPage\",\"@id\":\"https:\\\/\\\/turismo.uma.pt\\\/?p=2988\",\"url\":\"https:\\\/\\\/turismo.uma.pt\\\/?p=2988\",\"name\":\"- Projeto Turismo\",\"isPartOf\":{\"@id\":\"https:\\\/\\\/turismo.uma.pt\\\/#website\"},\"primaryImageOfPage\":{\"@id\":\"https:\\\/\\\/turismo.uma.pt\\\/?p=2988#primaryimage\"},\"image\":{\"@id\":\"https:\\\/\\\/turismo.uma.pt\\\/?p=2988#primaryimage\"},\"thumbnailUrl\":\"https:\\\/\\\/turismo.uma.pt\\\/wp-content\\\/uploads\\\/2018\\\/08\\\/statistic-1564428_960_720.png\",\"datePublished\":\"2019-02-28T16:51:40+00:00\",\"dateModified\":\"2019-03-06T16:54:59+00:00\",\"author\":{\"@id\":\"https:\\\/\\\/turismo.uma.pt\\\/#\\\/schema\\\/person\\\/50f92df56f4e61db01d92afb0b8589ff\"},\"breadcrumb\":{\"@id\":\"https:\\\/\\\/turismo.uma.pt\\\/?p=2988#breadcrumb\"},\"inLanguage\":\"pt-PT\",\"potentialAction\":[{\"@type\":\"ReadAction\",\"target\":[\"https:\\\/\\\/turismo.uma.pt\\\/?p=2988\"]}]},{\"@type\":\"ImageObject\",\"inLanguage\":\"pt-PT\",\"@id\":\"https:\\\/\\\/turismo.uma.pt\\\/?p=2988#primaryimage\",\"url\":\"https:\\\/\\\/turismo.uma.pt\\\/wp-content\\\/uploads\\\/2018\\\/08\\\/statistic-1564428_960_720.png\",\"contentUrl\":\"https:\\\/\\\/turismo.uma.pt\\\/wp-content\\\/uploads\\\/2018\\\/08\\\/statistic-1564428_960_720.png\",\"width\":720,\"height\":720},{\"@type\":\"BreadcrumbList\",\"@id\":\"https:\\\/\\\/turismo.uma.pt\\\/?p=2988#breadcrumb\",\"itemListElement\":[]},{\"@type\":\"WebSite\",\"@id\":\"https:\\\/\\\/turismo.uma.pt\\\/#website\",\"url\":\"https:\\\/\\\/turismo.uma.pt\\\/\",\"name\":\"Projeto Turismo\",\"description\":\"Universidade da Madeira\",\"potentialAction\":[{\"@type\":\"SearchAction\",\"target\":{\"@type\":\"EntryPoint\",\"urlTemplate\":\"https:\\\/\\\/turismo.uma.pt\\\/?s={search_term_string}\"},\"query-input\":{\"@type\":\"PropertyValueSpecification\",\"valueRequired\":true,\"valueName\":\"search_term_string\"}}],\"inLanguage\":\"pt-PT\"},{\"@type\":\"Person\",\"@id\":\"https:\\\/\\\/turismo.uma.pt\\\/#\\\/schema\\\/person\\\/50f92df56f4e61db01d92afb0b8589ff\",\"name\":\"Projeto Turismo - UMa\",\"image\":{\"@type\":\"ImageObject\",\"inLanguage\":\"pt-PT\",\"@id\":\"https:\\\/\\\/secure.gravatar.com\\\/avatar\\\/2592bc12bd40eaa70744802517aa1e23070df8c90e0fbdc9c4a0510a853a08df?s=96&d=blank&r=g\",\"url\":\"https:\\\/\\\/secure.gravatar.com\\\/avatar\\\/2592bc12bd40eaa70744802517aa1e23070df8c90e0fbdc9c4a0510a853a08df?s=96&d=blank&r=g\",\"contentUrl\":\"https:\\\/\\\/secure.gravatar.com\\\/avatar\\\/2592bc12bd40eaa70744802517aa1e23070df8c90e0fbdc9c4a0510a853a08df?s=96&d=blank&r=g\",\"caption\":\"Projeto Turismo - UMa\"},\"url\":\"https:\\\/\\\/turismo.uma.pt\\\/?author=1\"}]}<\/script>\n<!-- \/ Yoast SEO plugin. -->","yoast_head_json":{"title":"- Projeto Turismo","robots":{"index":"index","follow":"follow","max-snippet":"max-snippet:-1","max-image-preview":"max-image-preview:large","max-video-preview":"max-video-preview:-1"},"canonical":"https:\/\/turismo.uma.pt\/?p=2988","og_locale":"pt_PT","og_type":"article","og_title":"- Projeto Turismo","og_description":"O Projeto Turismo, em parceria com a ACIF-CCIM &#8211; Associa\u00e7\u00e3o Comercial e Industrial do Funchal, est\u00e1 a realizar um estudo sobre os h\u00e1bitos de consumo dos residentes na ilha da Madeira. Pode dar a sua contribui\u00e7\u00e3o, atrav\u00e9s do preenchimento do question\u00e1rio presente no seguinte link:\u00a0 https:\/\/docs.google.com\/1FAIpQLSc67bLpz0gtM2e_x\/viewform Saiba que o seu feedback \u00e9 muito importante para&hellip;","og_url":"https:\/\/turismo.uma.pt\/?p=2988","og_site_name":"Projeto Turismo","article_published_time":"2019-02-28T16:51:40+00:00","article_modified_time":"2019-03-06T16:54:59+00:00","og_image":[{"width":720,"height":720,"url":"https:\/\/turismo.uma.pt\/wp-content\/uploads\/2018\/08\/statistic-1564428_960_720.png","type":"image\/png"}],"author":"Projeto Turismo - UMa","twitter_card":"summary_large_image","twitter_misc":{"Escrito por":"Projeto Turismo - UMa"},"schema":{"@context":"https:\/\/schema.org","@graph":[{"@type":"Article","@id":"https:\/\/turismo.uma.pt\/?p=2988#article","isPartOf":{"@id":"https:\/\/turismo.uma.pt\/?p=2988"},"author":{"name":"Projeto Turismo - UMa","@id":"https:\/\/turismo.uma.pt\/#\/schema\/person\/50f92df56f4e61db01d92afb0b8589ff"},"headline":"Sem t\u00edtulo","datePublished":"2019-02-28T16:51:40+00:00","dateModified":"2019-03-06T16:54:59+00:00","mainEntityOfPage":{"@id":"https:\/\/turismo.uma.pt\/?p=2988"},"wordCount":83,"image":{"@id":"https:\/\/turismo.uma.pt\/?p=2988#primaryimage"},"thumbnailUrl":"https:\/\/turismo.uma.pt\/wp-content\/uploads\/2018\/08\/statistic-1564428_960_720.png","inLanguage":"pt-PT"},{"@type":"WebPage","@id":"https:\/\/turismo.uma.pt\/?p=2988","url":"https:\/\/turismo.uma.pt\/?p=2988","name":"- Projeto Turismo","isPartOf":{"@id":"https:\/\/turismo.uma.pt\/#website"},"primaryImageOfPage":{"@id":"https:\/\/turismo.uma.pt\/?p=2988#primaryimage"},"image":{"@id":"https:\/\/turismo.uma.pt\/?p=2988#primaryimage"},"thumbnailUrl":"https:\/\/turismo.uma.pt\/wp-content\/uploads\/2018\/08\/statistic-1564428_960_720.png","datePublished":"2019-02-28T16:51:40+00:00","dateModified":"2019-03-06T16:54:59+00:00","author":{"@id":"https:\/\/turismo.uma.pt\/#\/schema\/person\/50f92df56f4e61db01d92afb0b8589ff"},"breadcrumb":{"@id":"https:\/\/turismo.uma.pt\/?p=2988#breadcrumb"},"inLanguage":"pt-PT","potentialAction":[{"@type":"ReadAction","target":["https:\/\/turismo.uma.pt\/?p=2988"]}]},{"@type":"ImageObject","inLanguage":"pt-PT","@id":"https:\/\/turismo.uma.pt\/?p=2988#primaryimage","url":"https:\/\/turismo.uma.pt\/wp-content\/uploads\/2018\/08\/statistic-1564428_960_720.png","contentUrl":"https:\/\/turismo.uma.pt\/wp-content\/uploads\/2018\/08\/statistic-1564428_960_720.png","width":720,"height":720},{"@type":"BreadcrumbList","@id":"https:\/\/turismo.uma.pt\/?p=2988#breadcrumb","itemListElement":[]},{"@type":"WebSite","@id":"https:\/\/turismo.uma.pt\/#website","url":"https:\/\/turismo.uma.pt\/","name":"Projeto Turismo","description":"Universidade da Madeira","potentialAction":[{"@type":"SearchAction","target":{"@type":"EntryPoint","urlTemplate":"https:\/\/turismo.uma.pt\/?s={search_term_string}"},"query-input":{"@type":"PropertyValueSpecification","valueRequired":true,"valueName":"search_term_string"}}],"inLanguage":"pt-PT"},{"@type":"Person","@id":"https:\/\/turismo.uma.pt\/#\/schema\/person\/50f92df56f4e61db01d92afb0b8589ff","name":"Projeto Turismo - UMa","image":{"@type":"ImageObject","inLanguage":"pt-PT","@id":"https:\/\/secure.gravatar.com\/avatar\/2592bc12bd40eaa70744802517aa1e23070df8c90e0fbdc9c4a0510a853a08df?s=96&d=blank&r=g","url":"https:\/\/secure.gravatar.com\/avatar\/2592bc12bd40eaa70744802517aa1e23070df8c90e0fbdc9c4a0510a853a08df?s=96&d=blank&r=g","contentUrl":"https:\/\/secure.gravatar.com\/avatar\/2592bc12bd40eaa70744802517aa1e23070df8c90e0fbdc9c4a0510a853a08df?s=96&d=blank&r=g","caption":"Projeto Turismo - UMa"},"url":"https:\/\/turismo.uma.pt\/?author=1"}]}},"_links":{"self":[{"href":"https:\/\/turismo.uma.pt\/index.php?rest_route=\/wp\/v2\/posts\/2988","targetHints":{"allow":["GET"]}}],"collection":[{"href":"https:\/\/turismo.uma.pt\/index.php?rest_route=\/wp\/v2\/posts"}],"about":[{"href":"https:\/\/turismo.uma.pt\/index.php?rest_route=\/wp\/v2\/types\/post"}],"author":[{"embeddable":true,"href":"https:\/\/turismo.uma.pt\/index.php?rest_route=\/wp\/v2\/users\/1"}],"replies":[{"embeddable":true,"href":"https:\/\/turismo.uma.pt\/index.php?rest_route=%2Fwp%2Fv2%2Fcomments&post=2988"}],"version-history":[{"count":4,"href":"https:\/\/turismo.uma.pt\/index.php?rest_route=\/wp\/v2\/posts\/2988\/revisions"}],"predecessor-version":[{"id":2993,"href":"https:\/\/turismo.uma.pt\/index.php?rest_route=\/wp\/v2\/posts\/2988\/revisions\/2993"}],"wp:featuredmedia":[{"embeddable":true,"href":"https:\/\/turismo.uma.pt\/index.php?rest_route=\/wp\/v2\/media\/2676"}],"wp:attachment":[{"href":"https:\/\/turismo.uma.pt\/index.php?rest_route=%2Fwp%2Fv2%2Fmedia&parent=2988"}],"wp:term":[{"taxonomy":"category","embeddable":true,"href":"https:\/\/turismo.uma.pt\/index.php?rest_route=%2Fwp%2Fv2%2Fcategories&post=2988"},{"taxonomy":"post_tag","embeddable":true,"href":"https:\/\/turismo.uma.pt\/index.php?rest_route=%2Fwp%2Fv2%2Ftags&post=2988"}],"curies":[{"name":"wp","href":"https:\/\/api.w.org\/{rel}","templated":true}]}}