{"id":3258,"date":"2019-07-17T10:07:01","date_gmt":"2019-07-17T10:07:01","guid":{"rendered":"http:\/\/turismo.uma.pt\/?p=3258"},"modified":"2019-07-17T10:08:41","modified_gmt":"2019-07-17T10:08:41","slug":"citur-em-perspectivas","status":"publish","type":"post","link":"https:\/\/turismo.uma.pt\/?p=3258","title":{"rendered":"CiTUR em &#8220;Perspectiva(s)&#8221;"},"content":{"rendered":"<p style=\"text-align: justify;\">No passado m\u00eas de Junho do ano corrente, a revista &#8220;Perspetivas&#8221;, integrado no Jornal \u201cP\u00fablico\u201d, destacou o Centro de Investiga\u00e7\u00e3o promovendo o seu trabalho. CiTUR \u00e9 um centro de investiga\u00e7\u00e3o e inova\u00e7\u00e3o que conta com investigadores nacionais e internacionais, que v\u00eaem no CiTUR um modo de criar parcerias para benef\u00edcios de desenvolvimento tur\u00edstico \u00e0 escala global.<br \/>\nA revista destaca os seis polos (Algarve, Coimbra, Estoril, Guarda, Leiria, e Madeira)\u00a0<span class=\"text_exposed_show\">distribu\u00eddos de forma estrat\u00e9gica para, deste modo, permitirem atender a todas as necessidades e problem\u00e1ticas existentes. Refere tamb\u00e9m as seis Linhas Tem\u00e1ticas de Investiga\u00e7\u00e3o:<\/span><\/p>\n<div class=\"text_exposed_show\">\n<p style=\"text-align: justify;\">-Economia e Gest\u00e3o do Turismo;<\/p>\n<p style=\"text-align: justify;\">-Turismo, Hospitalidade e Restaura\u00e7\u00e3o;<\/p>\n<p style=\"text-align: justify;\">-E-Turismo;<\/p>\n<p style=\"text-align: justify;\">-Territ\u00f3rio e Destinos Tur\u00edsticos;<\/p>\n<p style=\"text-align: justify;\">-Planeamento e Gest\u00e3o de Produtos Tur\u00edsticos e da Anima\u00e7\u00e3o;<\/p>\n<p style=\"text-align: justify;\">-Turismo, Cultura, Sociedade e Linguagem.<\/p>\n<p style=\"text-align: justify;\">N\u00e3o obstante, visa demonstrar a revista cient\u00edfica internacional do seu centro de investiga\u00e7\u00e3o, e promove o XI Congresso que ir\u00e1 decorrer entre os dias 5 e 7 denovembro, no Funchal.<\/p>\n<p style=\"text-align: justify;\">Aceda \u00e0 revista na integra, atrav\u00e9s deste link\u00a0<span class=\"_5mfr\"><span class=\"_6qdm\">&#x1f449;<\/span><\/span><a href=\"http:\/\/perspetivas.pt\/wp-content\/uploads\/2019\/06\/35_PERSP.pdf?fbclid=IwAR3x7ZEXMdcl7N-ypxKUwcorWA9bxv0ZvSf-_XO1POsjpVV-I5-bV9IRxLA\" target=\"_blank\" rel=\"noopener nofollow\" data-ft=\"{&quot;tn&quot;:&quot;-U&quot;}\" data-lynx-mode=\"async\" data-lynx-uri=\"https:\/\/l.facebook.com\/l.php?u=http%3A%2F%2Fperspetivas.pt%2Fwp-content%2Fuploads%2F2019%2F06%2F35_PERSP.pdf%3Ffbclid%3DIwAR3x7ZEXMdcl7N-ypxKUwcorWA9bxv0ZvSf-_XO1POsjpVV-I5-bV9IRxLA&amp;h=AT2jpIR99zSAQS1TfdOVwiuJwiN_QfhZp6h57bZBESjykoc1YEDWzdP2GlsmT3uTTE7_YEpHx3gm_7ZUj_WE5ASmMzCESzU3Zk24Uge95ZXV-2bKGw2QzTYx5KAuktoyaK0coslymaUW9mOoztGPZmhUN9RSBdBnniUTwskUsIT6ULE5QIWf22rXIhrftmzAOfNRcPwOlIrmayEUs1MmQVgluQPGEzWw5sW_OYu0Re6ssI2rrXiPazEoReHAbWCEqPT6r6TNFMB3jEurWbBS_gfoWAstfa7ZghBfhhe2pGhi7dDSL09VOwTzbhdkhTmKH12L_CgNjVBhdgde0tc5PHy4bZ0RYZICaQMxE-km97lNbaNnHXqIcUN7gEDsAjRcmBhoe6sgPkzYQ3hn8zLMp_Qkrs_42ITjq6x_-EJWHIXB3MdpHv09efji9ahbh8_2KGST4VGSEfAFtg383lnvXXLltWkDppO6uUAQ7LhbPYbKHMEEA3WA3BPHKTr1J1ka6LP_XFdv8W7yXxuy0FGJQjHuGikZmkREXM8U50b9nh0TfYjw21p9y-wTgy2GEQ_FB85t-YjyH9mI2t9iaQhWuCx3iHfKeK7iBegUhF0PNcaz644GelINbtK3bQendIemhUGRJV7whikbFxFrjTiy6w\">http:\/\/perspetivas.pt\/wp-content\/uploads\/2019\/\u2026\/35_PERSP.pdf<\/a><\/p>\n<\/div>\n","protected":false},"excerpt":{"rendered":"<p>No passado m\u00eas de Junho do ano corrente, a revista &#8220;Perspetivas&#8221;, integrado no Jornal \u201cP\u00fablico\u201d, destacou o Centro de Investiga\u00e7\u00e3o promovendo o seu trabalho. CiTUR \u00e9 um centro de investiga\u00e7\u00e3o e inova\u00e7\u00e3o que conta com investigadores nacionais e internacionais, que v\u00eaem no CiTUR um modo de criar parcerias para benef\u00edcios de desenvolvimento tur\u00edstico \u00e0 escala&hellip;<\/p>\n","protected":false},"author":1,"featured_media":3259,"comment_status":"closed","ping_status":"open","sticky":false,"template":"","format":"standard","meta":{"_monsterinsights_skip_tracking":false,"_monsterinsights_sitenote_active":false,"_monsterinsights_sitenote_note":"","_monsterinsights_sitenote_category":0,"footnotes":""},"categories":[62,8,63,57],"tags":[64],"class_list":["post-3258","post","type-post","status-publish","format-standard","has-post-thumbnail","hentry","category-citur","category-comunicacao-social","category-investigacao-cientifica","category-parcerias","tag-citur"],"yoast_head":"<!-- This site is optimized with the Yoast SEO plugin v27.4 - https:\/\/yoast.com\/product\/yoast-seo-wordpress\/ -->\n<title>CiTUR em &quot;Perspectiva(s)&quot; - Projeto Turismo<\/title>\n<meta name=\"robots\" content=\"index, follow, max-snippet:-1, max-image-preview:large, max-video-preview:-1\" \/>\n<link rel=\"canonical\" href=\"https:\/\/turismo.uma.pt\/?p=3258\" \/>\n<meta property=\"og:locale\" content=\"pt_PT\" \/>\n<meta property=\"og:type\" content=\"article\" \/>\n<meta property=\"og:title\" content=\"CiTUR em &quot;Perspectiva(s)&quot; - Projeto Turismo\" \/>\n<meta property=\"og:description\" content=\"No passado m\u00eas de Junho do ano corrente, a revista &#8220;Perspetivas&#8221;, integrado no Jornal \u201cP\u00fablico\u201d, destacou o Centro de Investiga\u00e7\u00e3o promovendo o seu trabalho. CiTUR \u00e9 um centro de investiga\u00e7\u00e3o e inova\u00e7\u00e3o que conta com investigadores nacionais e internacionais, que v\u00eaem no CiTUR um modo de criar parcerias para benef\u00edcios de desenvolvimento tur\u00edstico \u00e0 escala&hellip;\" \/>\n<meta property=\"og:url\" content=\"https:\/\/turismo.uma.pt\/?p=3258\" \/>\n<meta property=\"og:site_name\" content=\"Projeto Turismo\" \/>\n<meta property=\"article:published_time\" content=\"2019-07-17T10:07:01+00:00\" \/>\n<meta property=\"article:modified_time\" content=\"2019-07-17T10:08:41+00:00\" \/>\n<meta property=\"og:image\" content=\"https:\/\/turismo.uma.pt\/wp-content\/uploads\/2019\/07\/Design-sem-nome-1.jpg\" \/>\n\t<meta property=\"og:image:width\" content=\"940\" \/>\n\t<meta property=\"og:image:height\" content=\"788\" \/>\n\t<meta property=\"og:image:type\" content=\"image\/jpeg\" \/>\n<meta name=\"author\" content=\"Projeto Turismo - UMa\" \/>\n<meta name=\"twitter:card\" content=\"summary_large_image\" \/>\n<meta name=\"twitter:label1\" content=\"Escrito por\" \/>\n\t<meta name=\"twitter:data1\" content=\"Projeto Turismo - UMa\" \/>\n\t<meta name=\"twitter:label2\" content=\"Tempo estimado de leitura\" \/>\n\t<meta name=\"twitter:data2\" content=\"1 minuto\" \/>\n<script type=\"application\/ld+json\" class=\"yoast-schema-graph\">{\"@context\":\"https:\\\/\\\/schema.org\",\"@graph\":[{\"@type\":\"Article\",\"@id\":\"https:\\\/\\\/turismo.uma.pt\\\/?p=3258#article\",\"isPartOf\":{\"@id\":\"https:\\\/\\\/turismo.uma.pt\\\/?p=3258\"},\"author\":{\"name\":\"Projeto Turismo - UMa\",\"@id\":\"https:\\\/\\\/turismo.uma.pt\\\/#\\\/schema\\\/person\\\/50f92df56f4e61db01d92afb0b8589ff\"},\"headline\":\"CiTUR em &#8220;Perspectiva(s)&#8221;\",\"datePublished\":\"2019-07-17T10:07:01+00:00\",\"dateModified\":\"2019-07-17T10:08:41+00:00\",\"mainEntityOfPage\":{\"@id\":\"https:\\\/\\\/turismo.uma.pt\\\/?p=3258\"},\"wordCount\":192,\"image\":{\"@id\":\"https:\\\/\\\/turismo.uma.pt\\\/?p=3258#primaryimage\"},\"thumbnailUrl\":\"https:\\\/\\\/turismo.uma.pt\\\/wp-content\\\/uploads\\\/2019\\\/07\\\/Design-sem-nome-1.jpg\",\"keywords\":[\"CiTUR\"],\"articleSection\":[\"CiTUR\",\"Comunica\u00e7\u00e3o Social\",\"Investiga\u00e7\u00e3o Cient\u00edfica\",\"Parcerias\"],\"inLanguage\":\"pt-PT\"},{\"@type\":\"WebPage\",\"@id\":\"https:\\\/\\\/turismo.uma.pt\\\/?p=3258\",\"url\":\"https:\\\/\\\/turismo.uma.pt\\\/?p=3258\",\"name\":\"CiTUR em \\\"Perspectiva(s)\\\" - Projeto Turismo\",\"isPartOf\":{\"@id\":\"https:\\\/\\\/turismo.uma.pt\\\/#website\"},\"primaryImageOfPage\":{\"@id\":\"https:\\\/\\\/turismo.uma.pt\\\/?p=3258#primaryimage\"},\"image\":{\"@id\":\"https:\\\/\\\/turismo.uma.pt\\\/?p=3258#primaryimage\"},\"thumbnailUrl\":\"https:\\\/\\\/turismo.uma.pt\\\/wp-content\\\/uploads\\\/2019\\\/07\\\/Design-sem-nome-1.jpg\",\"datePublished\":\"2019-07-17T10:07:01+00:00\",\"dateModified\":\"2019-07-17T10:08:41+00:00\",\"author\":{\"@id\":\"https:\\\/\\\/turismo.uma.pt\\\/#\\\/schema\\\/person\\\/50f92df56f4e61db01d92afb0b8589ff\"},\"inLanguage\":\"pt-PT\",\"potentialAction\":[{\"@type\":\"ReadAction\",\"target\":[\"https:\\\/\\\/turismo.uma.pt\\\/?p=3258\"]}]},{\"@type\":\"ImageObject\",\"inLanguage\":\"pt-PT\",\"@id\":\"https:\\\/\\\/turismo.uma.pt\\\/?p=3258#primaryimage\",\"url\":\"https:\\\/\\\/turismo.uma.pt\\\/wp-content\\\/uploads\\\/2019\\\/07\\\/Design-sem-nome-1.jpg\",\"contentUrl\":\"https:\\\/\\\/turismo.uma.pt\\\/wp-content\\\/uploads\\\/2019\\\/07\\\/Design-sem-nome-1.jpg\",\"width\":940,\"height\":788},{\"@type\":\"WebSite\",\"@id\":\"https:\\\/\\\/turismo.uma.pt\\\/#website\",\"url\":\"https:\\\/\\\/turismo.uma.pt\\\/\",\"name\":\"Projeto Turismo\",\"description\":\"Universidade da Madeira\",\"potentialAction\":[{\"@type\":\"SearchAction\",\"target\":{\"@type\":\"EntryPoint\",\"urlTemplate\":\"https:\\\/\\\/turismo.uma.pt\\\/?s={search_term_string}\"},\"query-input\":{\"@type\":\"PropertyValueSpecification\",\"valueRequired\":true,\"valueName\":\"search_term_string\"}}],\"inLanguage\":\"pt-PT\"},{\"@type\":\"Person\",\"@id\":\"https:\\\/\\\/turismo.uma.pt\\\/#\\\/schema\\\/person\\\/50f92df56f4e61db01d92afb0b8589ff\",\"name\":\"Projeto Turismo - UMa\",\"image\":{\"@type\":\"ImageObject\",\"inLanguage\":\"pt-PT\",\"@id\":\"https:\\\/\\\/secure.gravatar.com\\\/avatar\\\/2592bc12bd40eaa70744802517aa1e23070df8c90e0fbdc9c4a0510a853a08df?s=96&d=blank&r=g\",\"url\":\"https:\\\/\\\/secure.gravatar.com\\\/avatar\\\/2592bc12bd40eaa70744802517aa1e23070df8c90e0fbdc9c4a0510a853a08df?s=96&d=blank&r=g\",\"contentUrl\":\"https:\\\/\\\/secure.gravatar.com\\\/avatar\\\/2592bc12bd40eaa70744802517aa1e23070df8c90e0fbdc9c4a0510a853a08df?s=96&d=blank&r=g\",\"caption\":\"Projeto Turismo - UMa\"},\"url\":\"https:\\\/\\\/turismo.uma.pt\\\/?author=1\"}]}<\/script>\n<!-- \/ Yoast SEO plugin. -->","yoast_head_json":{"title":"CiTUR em \"Perspectiva(s)\" - Projeto Turismo","robots":{"index":"index","follow":"follow","max-snippet":"max-snippet:-1","max-image-preview":"max-image-preview:large","max-video-preview":"max-video-preview:-1"},"canonical":"https:\/\/turismo.uma.pt\/?p=3258","og_locale":"pt_PT","og_type":"article","og_title":"CiTUR em \"Perspectiva(s)\" - Projeto Turismo","og_description":"No passado m\u00eas de Junho do ano corrente, a revista &#8220;Perspetivas&#8221;, integrado no Jornal \u201cP\u00fablico\u201d, destacou o Centro de Investiga\u00e7\u00e3o promovendo o seu trabalho. CiTUR \u00e9 um centro de investiga\u00e7\u00e3o e inova\u00e7\u00e3o que conta com investigadores nacionais e internacionais, que v\u00eaem no CiTUR um modo de criar parcerias para benef\u00edcios de desenvolvimento tur\u00edstico \u00e0 escala&hellip;","og_url":"https:\/\/turismo.uma.pt\/?p=3258","og_site_name":"Projeto Turismo","article_published_time":"2019-07-17T10:07:01+00:00","article_modified_time":"2019-07-17T10:08:41+00:00","og_image":[{"width":940,"height":788,"url":"https:\/\/turismo.uma.pt\/wp-content\/uploads\/2019\/07\/Design-sem-nome-1.jpg","type":"image\/jpeg"}],"author":"Projeto Turismo - UMa","twitter_card":"summary_large_image","twitter_misc":{"Escrito por":"Projeto Turismo - UMa","Tempo estimado de leitura":"1 minuto"},"schema":{"@context":"https:\/\/schema.org","@graph":[{"@type":"Article","@id":"https:\/\/turismo.uma.pt\/?p=3258#article","isPartOf":{"@id":"https:\/\/turismo.uma.pt\/?p=3258"},"author":{"name":"Projeto Turismo - UMa","@id":"https:\/\/turismo.uma.pt\/#\/schema\/person\/50f92df56f4e61db01d92afb0b8589ff"},"headline":"CiTUR em &#8220;Perspectiva(s)&#8221;","datePublished":"2019-07-17T10:07:01+00:00","dateModified":"2019-07-17T10:08:41+00:00","mainEntityOfPage":{"@id":"https:\/\/turismo.uma.pt\/?p=3258"},"wordCount":192,"image":{"@id":"https:\/\/turismo.uma.pt\/?p=3258#primaryimage"},"thumbnailUrl":"https:\/\/turismo.uma.pt\/wp-content\/uploads\/2019\/07\/Design-sem-nome-1.jpg","keywords":["CiTUR"],"articleSection":["CiTUR","Comunica\u00e7\u00e3o Social","Investiga\u00e7\u00e3o Cient\u00edfica","Parcerias"],"inLanguage":"pt-PT"},{"@type":"WebPage","@id":"https:\/\/turismo.uma.pt\/?p=3258","url":"https:\/\/turismo.uma.pt\/?p=3258","name":"CiTUR em \"Perspectiva(s)\" - Projeto Turismo","isPartOf":{"@id":"https:\/\/turismo.uma.pt\/#website"},"primaryImageOfPage":{"@id":"https:\/\/turismo.uma.pt\/?p=3258#primaryimage"},"image":{"@id":"https:\/\/turismo.uma.pt\/?p=3258#primaryimage"},"thumbnailUrl":"https:\/\/turismo.uma.pt\/wp-content\/uploads\/2019\/07\/Design-sem-nome-1.jpg","datePublished":"2019-07-17T10:07:01+00:00","dateModified":"2019-07-17T10:08:41+00:00","author":{"@id":"https:\/\/turismo.uma.pt\/#\/schema\/person\/50f92df56f4e61db01d92afb0b8589ff"},"inLanguage":"pt-PT","potentialAction":[{"@type":"ReadAction","target":["https:\/\/turismo.uma.pt\/?p=3258"]}]},{"@type":"ImageObject","inLanguage":"pt-PT","@id":"https:\/\/turismo.uma.pt\/?p=3258#primaryimage","url":"https:\/\/turismo.uma.pt\/wp-content\/uploads\/2019\/07\/Design-sem-nome-1.jpg","contentUrl":"https:\/\/turismo.uma.pt\/wp-content\/uploads\/2019\/07\/Design-sem-nome-1.jpg","width":940,"height":788},{"@type":"WebSite","@id":"https:\/\/turismo.uma.pt\/#website","url":"https:\/\/turismo.uma.pt\/","name":"Projeto Turismo","description":"Universidade da Madeira","potentialAction":[{"@type":"SearchAction","target":{"@type":"EntryPoint","urlTemplate":"https:\/\/turismo.uma.pt\/?s={search_term_string}"},"query-input":{"@type":"PropertyValueSpecification","valueRequired":true,"valueName":"search_term_string"}}],"inLanguage":"pt-PT"},{"@type":"Person","@id":"https:\/\/turismo.uma.pt\/#\/schema\/person\/50f92df56f4e61db01d92afb0b8589ff","name":"Projeto Turismo - UMa","image":{"@type":"ImageObject","inLanguage":"pt-PT","@id":"https:\/\/secure.gravatar.com\/avatar\/2592bc12bd40eaa70744802517aa1e23070df8c90e0fbdc9c4a0510a853a08df?s=96&d=blank&r=g","url":"https:\/\/secure.gravatar.com\/avatar\/2592bc12bd40eaa70744802517aa1e23070df8c90e0fbdc9c4a0510a853a08df?s=96&d=blank&r=g","contentUrl":"https:\/\/secure.gravatar.com\/avatar\/2592bc12bd40eaa70744802517aa1e23070df8c90e0fbdc9c4a0510a853a08df?s=96&d=blank&r=g","caption":"Projeto Turismo - UMa"},"url":"https:\/\/turismo.uma.pt\/?author=1"}]}},"_links":{"self":[{"href":"https:\/\/turismo.uma.pt\/index.php?rest_route=\/wp\/v2\/posts\/3258","targetHints":{"allow":["GET"]}}],"collection":[{"href":"https:\/\/turismo.uma.pt\/index.php?rest_route=\/wp\/v2\/posts"}],"about":[{"href":"https:\/\/turismo.uma.pt\/index.php?rest_route=\/wp\/v2\/types\/post"}],"author":[{"embeddable":true,"href":"https:\/\/turismo.uma.pt\/index.php?rest_route=\/wp\/v2\/users\/1"}],"replies":[{"embeddable":true,"href":"https:\/\/turismo.uma.pt\/index.php?rest_route=%2Fwp%2Fv2%2Fcomments&post=3258"}],"version-history":[{"count":2,"href":"https:\/\/turismo.uma.pt\/index.php?rest_route=\/wp\/v2\/posts\/3258\/revisions"}],"predecessor-version":[{"id":3261,"href":"https:\/\/turismo.uma.pt\/index.php?rest_route=\/wp\/v2\/posts\/3258\/revisions\/3261"}],"wp:featuredmedia":[{"embeddable":true,"href":"https:\/\/turismo.uma.pt\/index.php?rest_route=\/wp\/v2\/media\/3259"}],"wp:attachment":[{"href":"https:\/\/turismo.uma.pt\/index.php?rest_route=%2Fwp%2Fv2%2Fmedia&parent=3258"}],"wp:term":[{"taxonomy":"category","embeddable":true,"href":"https:\/\/turismo.uma.pt\/index.php?rest_route=%2Fwp%2Fv2%2Fcategories&post=3258"},{"taxonomy":"post_tag","embeddable":true,"href":"https:\/\/turismo.uma.pt\/index.php?rest_route=%2Fwp%2Fv2%2Ftags&post=3258"}],"curies":[{"name":"wp","href":"https:\/\/api.w.org\/{rel}","templated":true}]}}