{"id":3306,"date":"2019-08-07T10:04:11","date_gmt":"2019-08-07T10:04:11","guid":{"rendered":"http:\/\/turismo.uma.pt\/?p=3306"},"modified":"2019-08-07T10:09:13","modified_gmt":"2019-08-07T10:09:13","slug":"congresso-internacional-turismo-no-funchal","status":"publish","type":"post","link":"https:\/\/turismo.uma.pt\/?p=3306","title":{"rendered":"Congresso Internacional de Turismo no Funchal"},"content":{"rendered":"<p style=\"text-align: justify;\"><a href=\"http:\/\/turismo.uma.pt\/wp-content\/uploads\/2019\/08\/9773_sec.jpg\"><img loading=\"lazy\" decoding=\"async\" class=\"aligncenter size-full wp-image-3307\" src=\"http:\/\/turismo.uma.pt\/wp-content\/uploads\/2019\/08\/9773_sec.jpg\" alt=\"\" width=\"1924\" height=\"476\" srcset=\"https:\/\/turismo.uma.pt\/wp-content\/uploads\/2019\/08\/9773_sec.jpg 1924w, https:\/\/turismo.uma.pt\/wp-content\/uploads\/2019\/08\/9773_sec-300x74.jpg 300w, https:\/\/turismo.uma.pt\/wp-content\/uploads\/2019\/08\/9773_sec-768x190.jpg 768w, https:\/\/turismo.uma.pt\/wp-content\/uploads\/2019\/08\/9773_sec-1024x253.jpg 1024w\" sizes=\"auto, (max-width: 1924px) 100vw, 1924px\" \/><\/a>O CiTUR &#8211; Centro de Investiga\u00e7\u00e3o, Desenvolvimento e Inova\u00e7\u00e3o em Turismo, atrav\u00e9s da parceria da Universidade da Madeira e o Instituto Polit\u00e9cnico de Leiria, ir\u00e1 promover o XI Congresso Internacional de Turismo, que ter\u00e1 lugar entre 5 e 7 de novembro do presente ano, no Col\u00e9gio dos Jesu\u00edtas, Funchal.<br \/>\nEste evento visa apresentar e discutir experi\u00eancias nacionais e internacionais sobre os avan\u00e7os e tend\u00eancias na pesquisa sobre o turismo, sustentabilidade, viagens e hotelaria. Um<span class=\"text_exposed_show\">\u00a0dos grandes destaques desta edi\u00e7\u00e3o ser\u00e1 a atribui\u00e7\u00e3o de um pr\u00e9mio ao melhor artigo cient\u00edfico apresentado.<br \/>\nEste congresso tem como tema principal &#8220;A imagem e a sustentabilidade dos destinos tur\u00edsticos&#8221; e tem os seguintes objetivos:<br \/>\n\u25cf Apresentar e discutir experi\u00eancias nacionais e internacionais sobre competitividade, sustentabilidade, branding, marketing e experi\u00eancias dos clientes dos destinos tur\u00edsticos;<br \/>\n\u25cf Proporcionar um f\u00f3rum aberto para a troca de pontos de vista sobre temas relacionados com a estrat\u00e9gia de destinos tur\u00edsticos e gest\u00e3o entre a comunidade, estudantes, acad\u00e9micos, pol\u00edticos, empres\u00e1rios e profissionais;<br \/>\n\u25cf Explorar e discutir novas perspectivas sobre turismo e desenvolvimento regional, a fim de promover novas abordagens metodol\u00f3gicas e emp\u00edricas;<br \/>\n\u25cf Analisar a import\u00e2ncia das atividades tur\u00edsticas e seu impacto nos aspectos econ\u00f3micos, sociais, culturais e ambientais ao n\u00edvel regional, nacional e internacional.<\/span><\/p>\n<div class=\"text_exposed_show\">\n<p style=\"text-align: justify;\">Por fim, este conta com a presen\u00e7a de personalidades como: Prof. Lu\u00edz Moutinho da Universidade de Suffolk, Prof. Jos\u00e9 Manuel Sim\u00f5es da Universidade de Lisboa, o Prof. Ant\u00f3nio Almeida da Universidade da Madeira, entre outros.<\/p>\n<\/div>\n","protected":false},"excerpt":{"rendered":"<p>O CiTUR &#8211; Centro de Investiga\u00e7\u00e3o, Desenvolvimento e Inova\u00e7\u00e3o em Turismo, atrav\u00e9s da parceria da Universidade da Madeira e o Instituto Polit\u00e9cnico de Leiria, ir\u00e1 promover o XI Congresso Internacional de Turismo, que ter\u00e1 lugar entre 5 e 7 de novembro do presente ano, no Col\u00e9gio dos Jesu\u00edtas, Funchal. Este evento visa apresentar e discutir&hellip;<\/p>\n","protected":false},"author":1,"featured_media":289,"comment_status":"closed","ping_status":"open","sticky":false,"template":"","format":"standard","meta":{"_monsterinsights_skip_tracking":false,"_monsterinsights_sitenote_active":false,"_monsterinsights_sitenote_note":"","_monsterinsights_sitenote_category":0,"footnotes":""},"categories":[1],"tags":[],"class_list":["post-3306","post","type-post","status-publish","format-standard","has-post-thumbnail","hentry","category-sem-categoria"],"yoast_head":"<!-- This site is optimized with the Yoast SEO plugin v27.4 - https:\/\/yoast.com\/product\/yoast-seo-wordpress\/ -->\n<title>Congresso Internacional de Turismo no Funchal - Projeto Turismo<\/title>\n<meta name=\"robots\" content=\"index, follow, max-snippet:-1, max-image-preview:large, max-video-preview:-1\" \/>\n<link rel=\"canonical\" href=\"https:\/\/turismo.uma.pt\/?p=3306\" \/>\n<meta property=\"og:locale\" content=\"pt_PT\" \/>\n<meta property=\"og:type\" content=\"article\" \/>\n<meta property=\"og:title\" content=\"Congresso Internacional de Turismo no Funchal - Projeto Turismo\" \/>\n<meta property=\"og:description\" content=\"O CiTUR &#8211; Centro de Investiga\u00e7\u00e3o, Desenvolvimento e Inova\u00e7\u00e3o em Turismo, atrav\u00e9s da parceria da Universidade da Madeira e o Instituto Polit\u00e9cnico de Leiria, ir\u00e1 promover o XI Congresso Internacional de Turismo, que ter\u00e1 lugar entre 5 e 7 de novembro do presente ano, no Col\u00e9gio dos Jesu\u00edtas, Funchal. Este evento visa apresentar e discutir&hellip;\" \/>\n<meta property=\"og:url\" content=\"https:\/\/turismo.uma.pt\/?p=3306\" \/>\n<meta property=\"og:site_name\" content=\"Projeto Turismo\" \/>\n<meta property=\"article:published_time\" content=\"2019-08-07T10:04:11+00:00\" \/>\n<meta property=\"article:modified_time\" content=\"2019-08-07T10:09:13+00:00\" \/>\n<meta property=\"og:image\" content=\"https:\/\/turismo.uma.pt\/wp-content\/uploads\/2015\/02\/cropped-cabecalho_turismo_madeira.jpg\" \/>\n\t<meta property=\"og:image:width\" content=\"940\" \/>\n\t<meta property=\"og:image:height\" content=\"245\" \/>\n\t<meta property=\"og:image:type\" content=\"image\/jpeg\" \/>\n<meta name=\"author\" content=\"Projeto Turismo - UMa\" \/>\n<meta name=\"twitter:card\" content=\"summary_large_image\" \/>\n<meta name=\"twitter:label1\" content=\"Escrito por\" \/>\n\t<meta name=\"twitter:data1\" content=\"Projeto Turismo - UMa\" \/>\n\t<meta name=\"twitter:label2\" content=\"Tempo estimado de leitura\" \/>\n\t<meta name=\"twitter:data2\" content=\"1 minuto\" \/>\n<script type=\"application\/ld+json\" class=\"yoast-schema-graph\">{\"@context\":\"https:\\\/\\\/schema.org\",\"@graph\":[{\"@type\":\"Article\",\"@id\":\"https:\\\/\\\/turismo.uma.pt\\\/?p=3306#article\",\"isPartOf\":{\"@id\":\"https:\\\/\\\/turismo.uma.pt\\\/?p=3306\"},\"author\":{\"name\":\"Projeto Turismo - UMa\",\"@id\":\"https:\\\/\\\/turismo.uma.pt\\\/#\\\/schema\\\/person\\\/50f92df56f4e61db01d92afb0b8589ff\"},\"headline\":\"Congresso Internacional de Turismo no Funchal\",\"datePublished\":\"2019-08-07T10:04:11+00:00\",\"dateModified\":\"2019-08-07T10:09:13+00:00\",\"mainEntityOfPage\":{\"@id\":\"https:\\\/\\\/turismo.uma.pt\\\/?p=3306\"},\"wordCount\":273,\"image\":{\"@id\":\"https:\\\/\\\/turismo.uma.pt\\\/?p=3306#primaryimage\"},\"thumbnailUrl\":\"https:\\\/\\\/turismo.uma.pt\\\/wp-content\\\/uploads\\\/2015\\\/02\\\/cropped-cabecalho_turismo_madeira.jpg\",\"inLanguage\":\"pt-PT\"},{\"@type\":\"WebPage\",\"@id\":\"https:\\\/\\\/turismo.uma.pt\\\/?p=3306\",\"url\":\"https:\\\/\\\/turismo.uma.pt\\\/?p=3306\",\"name\":\"Congresso Internacional de Turismo no Funchal - Projeto Turismo\",\"isPartOf\":{\"@id\":\"https:\\\/\\\/turismo.uma.pt\\\/#website\"},\"primaryImageOfPage\":{\"@id\":\"https:\\\/\\\/turismo.uma.pt\\\/?p=3306#primaryimage\"},\"image\":{\"@id\":\"https:\\\/\\\/turismo.uma.pt\\\/?p=3306#primaryimage\"},\"thumbnailUrl\":\"https:\\\/\\\/turismo.uma.pt\\\/wp-content\\\/uploads\\\/2015\\\/02\\\/cropped-cabecalho_turismo_madeira.jpg\",\"datePublished\":\"2019-08-07T10:04:11+00:00\",\"dateModified\":\"2019-08-07T10:09:13+00:00\",\"author\":{\"@id\":\"https:\\\/\\\/turismo.uma.pt\\\/#\\\/schema\\\/person\\\/50f92df56f4e61db01d92afb0b8589ff\"},\"inLanguage\":\"pt-PT\",\"potentialAction\":[{\"@type\":\"ReadAction\",\"target\":[\"https:\\\/\\\/turismo.uma.pt\\\/?p=3306\"]}]},{\"@type\":\"ImageObject\",\"inLanguage\":\"pt-PT\",\"@id\":\"https:\\\/\\\/turismo.uma.pt\\\/?p=3306#primaryimage\",\"url\":\"https:\\\/\\\/turismo.uma.pt\\\/wp-content\\\/uploads\\\/2015\\\/02\\\/cropped-cabecalho_turismo_madeira.jpg\",\"contentUrl\":\"https:\\\/\\\/turismo.uma.pt\\\/wp-content\\\/uploads\\\/2015\\\/02\\\/cropped-cabecalho_turismo_madeira.jpg\",\"width\":940,\"height\":245},{\"@type\":\"WebSite\",\"@id\":\"https:\\\/\\\/turismo.uma.pt\\\/#website\",\"url\":\"https:\\\/\\\/turismo.uma.pt\\\/\",\"name\":\"Projeto Turismo\",\"description\":\"Universidade da Madeira\",\"potentialAction\":[{\"@type\":\"SearchAction\",\"target\":{\"@type\":\"EntryPoint\",\"urlTemplate\":\"https:\\\/\\\/turismo.uma.pt\\\/?s={search_term_string}\"},\"query-input\":{\"@type\":\"PropertyValueSpecification\",\"valueRequired\":true,\"valueName\":\"search_term_string\"}}],\"inLanguage\":\"pt-PT\"},{\"@type\":\"Person\",\"@id\":\"https:\\\/\\\/turismo.uma.pt\\\/#\\\/schema\\\/person\\\/50f92df56f4e61db01d92afb0b8589ff\",\"name\":\"Projeto Turismo - UMa\",\"image\":{\"@type\":\"ImageObject\",\"inLanguage\":\"pt-PT\",\"@id\":\"https:\\\/\\\/secure.gravatar.com\\\/avatar\\\/2592bc12bd40eaa70744802517aa1e23070df8c90e0fbdc9c4a0510a853a08df?s=96&d=blank&r=g\",\"url\":\"https:\\\/\\\/secure.gravatar.com\\\/avatar\\\/2592bc12bd40eaa70744802517aa1e23070df8c90e0fbdc9c4a0510a853a08df?s=96&d=blank&r=g\",\"contentUrl\":\"https:\\\/\\\/secure.gravatar.com\\\/avatar\\\/2592bc12bd40eaa70744802517aa1e23070df8c90e0fbdc9c4a0510a853a08df?s=96&d=blank&r=g\",\"caption\":\"Projeto Turismo - UMa\"},\"url\":\"https:\\\/\\\/turismo.uma.pt\\\/?author=1\"}]}<\/script>\n<!-- \/ Yoast SEO plugin. -->","yoast_head_json":{"title":"Congresso Internacional de Turismo no Funchal - Projeto Turismo","robots":{"index":"index","follow":"follow","max-snippet":"max-snippet:-1","max-image-preview":"max-image-preview:large","max-video-preview":"max-video-preview:-1"},"canonical":"https:\/\/turismo.uma.pt\/?p=3306","og_locale":"pt_PT","og_type":"article","og_title":"Congresso Internacional de Turismo no Funchal - Projeto Turismo","og_description":"O CiTUR &#8211; Centro de Investiga\u00e7\u00e3o, Desenvolvimento e Inova\u00e7\u00e3o em Turismo, atrav\u00e9s da parceria da Universidade da Madeira e o Instituto Polit\u00e9cnico de Leiria, ir\u00e1 promover o XI Congresso Internacional de Turismo, que ter\u00e1 lugar entre 5 e 7 de novembro do presente ano, no Col\u00e9gio dos Jesu\u00edtas, Funchal. Este evento visa apresentar e discutir&hellip;","og_url":"https:\/\/turismo.uma.pt\/?p=3306","og_site_name":"Projeto Turismo","article_published_time":"2019-08-07T10:04:11+00:00","article_modified_time":"2019-08-07T10:09:13+00:00","og_image":[{"width":940,"height":245,"url":"https:\/\/turismo.uma.pt\/wp-content\/uploads\/2015\/02\/cropped-cabecalho_turismo_madeira.jpg","type":"image\/jpeg"}],"author":"Projeto Turismo - UMa","twitter_card":"summary_large_image","twitter_misc":{"Escrito por":"Projeto Turismo - UMa","Tempo estimado de leitura":"1 minuto"},"schema":{"@context":"https:\/\/schema.org","@graph":[{"@type":"Article","@id":"https:\/\/turismo.uma.pt\/?p=3306#article","isPartOf":{"@id":"https:\/\/turismo.uma.pt\/?p=3306"},"author":{"name":"Projeto Turismo - UMa","@id":"https:\/\/turismo.uma.pt\/#\/schema\/person\/50f92df56f4e61db01d92afb0b8589ff"},"headline":"Congresso Internacional de Turismo no Funchal","datePublished":"2019-08-07T10:04:11+00:00","dateModified":"2019-08-07T10:09:13+00:00","mainEntityOfPage":{"@id":"https:\/\/turismo.uma.pt\/?p=3306"},"wordCount":273,"image":{"@id":"https:\/\/turismo.uma.pt\/?p=3306#primaryimage"},"thumbnailUrl":"https:\/\/turismo.uma.pt\/wp-content\/uploads\/2015\/02\/cropped-cabecalho_turismo_madeira.jpg","inLanguage":"pt-PT"},{"@type":"WebPage","@id":"https:\/\/turismo.uma.pt\/?p=3306","url":"https:\/\/turismo.uma.pt\/?p=3306","name":"Congresso Internacional de Turismo no Funchal - Projeto Turismo","isPartOf":{"@id":"https:\/\/turismo.uma.pt\/#website"},"primaryImageOfPage":{"@id":"https:\/\/turismo.uma.pt\/?p=3306#primaryimage"},"image":{"@id":"https:\/\/turismo.uma.pt\/?p=3306#primaryimage"},"thumbnailUrl":"https:\/\/turismo.uma.pt\/wp-content\/uploads\/2015\/02\/cropped-cabecalho_turismo_madeira.jpg","datePublished":"2019-08-07T10:04:11+00:00","dateModified":"2019-08-07T10:09:13+00:00","author":{"@id":"https:\/\/turismo.uma.pt\/#\/schema\/person\/50f92df56f4e61db01d92afb0b8589ff"},"inLanguage":"pt-PT","potentialAction":[{"@type":"ReadAction","target":["https:\/\/turismo.uma.pt\/?p=3306"]}]},{"@type":"ImageObject","inLanguage":"pt-PT","@id":"https:\/\/turismo.uma.pt\/?p=3306#primaryimage","url":"https:\/\/turismo.uma.pt\/wp-content\/uploads\/2015\/02\/cropped-cabecalho_turismo_madeira.jpg","contentUrl":"https:\/\/turismo.uma.pt\/wp-content\/uploads\/2015\/02\/cropped-cabecalho_turismo_madeira.jpg","width":940,"height":245},{"@type":"WebSite","@id":"https:\/\/turismo.uma.pt\/#website","url":"https:\/\/turismo.uma.pt\/","name":"Projeto Turismo","description":"Universidade da Madeira","potentialAction":[{"@type":"SearchAction","target":{"@type":"EntryPoint","urlTemplate":"https:\/\/turismo.uma.pt\/?s={search_term_string}"},"query-input":{"@type":"PropertyValueSpecification","valueRequired":true,"valueName":"search_term_string"}}],"inLanguage":"pt-PT"},{"@type":"Person","@id":"https:\/\/turismo.uma.pt\/#\/schema\/person\/50f92df56f4e61db01d92afb0b8589ff","name":"Projeto Turismo - UMa","image":{"@type":"ImageObject","inLanguage":"pt-PT","@id":"https:\/\/secure.gravatar.com\/avatar\/2592bc12bd40eaa70744802517aa1e23070df8c90e0fbdc9c4a0510a853a08df?s=96&d=blank&r=g","url":"https:\/\/secure.gravatar.com\/avatar\/2592bc12bd40eaa70744802517aa1e23070df8c90e0fbdc9c4a0510a853a08df?s=96&d=blank&r=g","contentUrl":"https:\/\/secure.gravatar.com\/avatar\/2592bc12bd40eaa70744802517aa1e23070df8c90e0fbdc9c4a0510a853a08df?s=96&d=blank&r=g","caption":"Projeto Turismo - UMa"},"url":"https:\/\/turismo.uma.pt\/?author=1"}]}},"_links":{"self":[{"href":"https:\/\/turismo.uma.pt\/index.php?rest_route=\/wp\/v2\/posts\/3306","targetHints":{"allow":["GET"]}}],"collection":[{"href":"https:\/\/turismo.uma.pt\/index.php?rest_route=\/wp\/v2\/posts"}],"about":[{"href":"https:\/\/turismo.uma.pt\/index.php?rest_route=\/wp\/v2\/types\/post"}],"author":[{"embeddable":true,"href":"https:\/\/turismo.uma.pt\/index.php?rest_route=\/wp\/v2\/users\/1"}],"replies":[{"embeddable":true,"href":"https:\/\/turismo.uma.pt\/index.php?rest_route=%2Fwp%2Fv2%2Fcomments&post=3306"}],"version-history":[{"count":2,"href":"https:\/\/turismo.uma.pt\/index.php?rest_route=\/wp\/v2\/posts\/3306\/revisions"}],"predecessor-version":[{"id":3310,"href":"https:\/\/turismo.uma.pt\/index.php?rest_route=\/wp\/v2\/posts\/3306\/revisions\/3310"}],"wp:featuredmedia":[{"embeddable":true,"href":"https:\/\/turismo.uma.pt\/index.php?rest_route=\/wp\/v2\/media\/289"}],"wp:attachment":[{"href":"https:\/\/turismo.uma.pt\/index.php?rest_route=%2Fwp%2Fv2%2Fmedia&parent=3306"}],"wp:term":[{"taxonomy":"category","embeddable":true,"href":"https:\/\/turismo.uma.pt\/index.php?rest_route=%2Fwp%2Fv2%2Fcategories&post=3306"},{"taxonomy":"post_tag","embeddable":true,"href":"https:\/\/turismo.uma.pt\/index.php?rest_route=%2Fwp%2Fv2%2Ftags&post=3306"}],"curies":[{"name":"wp","href":"https:\/\/api.w.org\/{rel}","templated":true}]}}