{"id":3548,"date":"2019-10-30T11:38:51","date_gmt":"2019-10-30T11:38:51","guid":{"rendered":"http:\/\/turismo.uma.pt\/?p=3548"},"modified":"2019-11-13T09:52:48","modified_gmt":"2019-11-13T09:52:48","slug":"xi-international-tourism-congress-no-funchal-5-7-novembro","status":"publish","type":"post","link":"https:\/\/turismo.uma.pt\/?p=3548","title":{"rendered":"XI International Tourism Congress no Funchal entre 5 e 7 de novembro"},"content":{"rendered":"<p><a href=\"http:\/\/turismo.uma.pt\/wp-content\/uploads\/2019\/10\/Cartaz-ITC19_final.jpg\"><img loading=\"lazy\" decoding=\"async\" class=\"aligncenter size-full wp-image-3546\" src=\"http:\/\/turismo.uma.pt\/wp-content\/uploads\/2019\/10\/Cartaz-ITC19_final.jpg\" alt=\"\" width=\"945\" height=\"1336\" srcset=\"https:\/\/turismo.uma.pt\/wp-content\/uploads\/2019\/10\/Cartaz-ITC19_final.jpg 945w, https:\/\/turismo.uma.pt\/wp-content\/uploads\/2019\/10\/Cartaz-ITC19_final-212x300.jpg 212w, https:\/\/turismo.uma.pt\/wp-content\/uploads\/2019\/10\/Cartaz-ITC19_final-768x1086.jpg 768w, https:\/\/turismo.uma.pt\/wp-content\/uploads\/2019\/10\/Cartaz-ITC19_final-724x1024.jpg 724w\" sizes=\"auto, (max-width: 945px) 100vw, 945px\" \/><\/a><\/p>\n<p style=\"text-align: justify;\">O edif\u00edcio da Reitoria da Universidade da Madeira foi o local escolhido para a realiza\u00e7\u00e3o da 11\u00aa edi\u00e7\u00e3o do Congresso Internacional de Turismo (ITC\u201919), este ano subordinado ao tema \u201cA Imagem e a Sustentabilidade dos Destinos Tur\u00edsticos\u201d.<\/p>\n<p style=\"text-align: justify;\">O congresso realiza-se nos dias 5, 6 e 7 de novembro e \u00e9 organizado pela Universidade da Madeira (UMa), atrav\u00e9s do Centro de Investiga\u00e7\u00e3o, Desenvolvimento e Inova\u00e7\u00e3o em Turismo \u2013 CiTUR-Madeira, em parceria com o CiTUR-Leiria.<\/p>\n<p style=\"text-align: justify;\">A sess\u00e3o de abertura, agendada para as 09h30, do dia 5, contar\u00e1 com a presen\u00e7a do Reitor da UMa, Jos\u00e9 Carmo, do Secret\u00e1rio Regional do Turismo e Cultura, Eduardo Jesus, do Presidente da C\u00e2mara Municipal do Funchal, Miguel Gouveia, do Presidente do CiTUR, Jorge Umbelino e pelo Presidente do Congresso, Paulo Almeida.<\/p>\n<p style=\"text-align: justify;\">Ao longo de dois dias, este congresso vai reunir acad\u00e9micos de elevado prest\u00edgio internacional e profissionais do setor do Turismo, a fim de promover a apresenta\u00e7\u00e3o e discuss\u00e3o de experi\u00eancias nacionais e internacionais relacionadas com a competitividade e sustentabilidade dos destinos tur\u00edsticos e com as marcas, o <em>marketing<\/em> e as experi\u00eancias dos turistas. Este evento pretende tamb\u00e9m explorar e discutir novas perspetivas em turismo e desenvolvimento regional, de forma a promover novas metodologias e abordagens emp\u00edricas, e ainda analisar a import\u00e2ncia das atividades tur\u00edsticas e respetivo impacto em termos econ\u00f3micos, sociais, culturais e ambientais, a n\u00edvel regional, nacional e internacional.<\/p>\n<p style=\"text-align: justify;\">Do programa do congresso constam duas sess\u00f5es plen\u00e1rias, sendo o painel de oradores composto por Lu\u00edz Moutinho, da <em>Suffolk Business School<\/em>, University of Suffolk; Jorge Umbelino, da Escola Superior de Hotelaria e Turismo do Estoril; Alfonso Vargas, da Universidad de Huelva; Jos\u00e9 Manuel Sim\u00f5es, do Instituto de Geografia e Ordenamento do Territ\u00f3rio da Universidade de Lisboa; e Ant\u00f3nio Almeida, da Faculdade de Ci\u00eancias Sociais da Universidade da Madeira.<\/p>\n<p style=\"text-align: justify;\">Al\u00e9m das sess\u00f5es plen\u00e1rias, o ITC\u201919 vai contar com diversas sess\u00f5es paralelas e ser\u00e1 entregue o <em>best paper award 19<\/em>\u2019, no dia 6, \u00e0s 17h. Para o dia 7, o \u00faltimo do congresso, est\u00e1 reservado um programa de cariz social, com uma visita a alguns dos locais mais emblem\u00e1ticos da Ilha da Madeira.<\/p>\n<p>Visite o site oficial da confer\u00eancia <a href=\"http:\/\/itc.citur-tourismresearch.com\/\">aqui<\/a>.<\/p>\n","protected":false},"excerpt":{"rendered":"<p>O edif\u00edcio da Reitoria da Universidade da Madeira foi o local escolhido para a realiza\u00e7\u00e3o da 11\u00aa edi\u00e7\u00e3o do Congresso Internacional de Turismo (ITC\u201919), este ano subordinado ao tema \u201cA Imagem e a Sustentabilidade dos Destinos Tur\u00edsticos\u201d. O congresso realiza-se nos dias 5, 6 e 7 de novembro e \u00e9 organizado pela Universidade da Madeira&hellip;<\/p>\n","protected":false},"author":1,"featured_media":3558,"comment_status":"closed","ping_status":"open","sticky":false,"template":"","format":"standard","meta":{"_monsterinsights_skip_tracking":false,"_monsterinsights_sitenote_active":false,"_monsterinsights_sitenote_note":"","_monsterinsights_sitenote_category":0,"footnotes":""},"categories":[62,50,55,54,63],"tags":[],"class_list":["post-3548","post","type-post","status-publish","format-standard","has-post-thumbnail","hentry","category-citur","category-seminarios","category-congressos","category-investigacao","category-investigacao-cientifica"],"yoast_head":"<!-- This site is optimized with the Yoast SEO plugin v27.4 - https:\/\/yoast.com\/product\/yoast-seo-wordpress\/ -->\n<title>XI International Tourism Congress no Funchal entre 5 e 7 de novembro - Projeto Turismo<\/title>\n<meta name=\"robots\" content=\"index, follow, max-snippet:-1, max-image-preview:large, max-video-preview:-1\" \/>\n<link rel=\"canonical\" href=\"https:\/\/turismo.uma.pt\/?p=3548\" \/>\n<meta property=\"og:locale\" content=\"pt_PT\" \/>\n<meta property=\"og:type\" content=\"article\" \/>\n<meta property=\"og:title\" content=\"XI International Tourism Congress no Funchal entre 5 e 7 de novembro - Projeto Turismo\" \/>\n<meta property=\"og:description\" content=\"O edif\u00edcio da Reitoria da Universidade da Madeira foi o local escolhido para a realiza\u00e7\u00e3o da 11\u00aa edi\u00e7\u00e3o do Congresso Internacional de Turismo (ITC\u201919), este ano subordinado ao tema \u201cA Imagem e a Sustentabilidade dos Destinos Tur\u00edsticos\u201d. O congresso realiza-se nos dias 5, 6 e 7 de novembro e \u00e9 organizado pela Universidade da Madeira&hellip;\" \/>\n<meta property=\"og:url\" content=\"https:\/\/turismo.uma.pt\/?p=3548\" \/>\n<meta property=\"og:site_name\" content=\"Projeto Turismo\" \/>\n<meta property=\"article:published_time\" content=\"2019-10-30T11:38:51+00:00\" \/>\n<meta property=\"article:modified_time\" content=\"2019-11-13T09:52:48+00:00\" \/>\n<meta property=\"og:image\" content=\"https:\/\/turismo.uma.pt\/wp-content\/uploads\/2019\/10\/ITC_2019_PNG.png\" \/>\n\t<meta property=\"og:image:width\" content=\"4000\" \/>\n\t<meta property=\"og:image:height\" content=\"2432\" \/>\n\t<meta property=\"og:image:type\" content=\"image\/png\" \/>\n<meta name=\"author\" content=\"Projeto Turismo - UMa\" \/>\n<meta name=\"twitter:card\" content=\"summary_large_image\" \/>\n<meta name=\"twitter:label1\" content=\"Escrito por\" \/>\n\t<meta name=\"twitter:data1\" content=\"Projeto Turismo - UMa\" \/>\n\t<meta name=\"twitter:label2\" content=\"Tempo estimado de leitura\" \/>\n\t<meta name=\"twitter:data2\" content=\"2 minutos\" \/>\n<script type=\"application\/ld+json\" class=\"yoast-schema-graph\">{\"@context\":\"https:\\\/\\\/schema.org\",\"@graph\":[{\"@type\":\"Article\",\"@id\":\"https:\\\/\\\/turismo.uma.pt\\\/?p=3548#article\",\"isPartOf\":{\"@id\":\"https:\\\/\\\/turismo.uma.pt\\\/?p=3548\"},\"author\":{\"name\":\"Projeto Turismo - UMa\",\"@id\":\"https:\\\/\\\/turismo.uma.pt\\\/#\\\/schema\\\/person\\\/50f92df56f4e61db01d92afb0b8589ff\"},\"headline\":\"XI International Tourism Congress no Funchal entre 5 e 7 de novembro\",\"datePublished\":\"2019-10-30T11:38:51+00:00\",\"dateModified\":\"2019-11-13T09:52:48+00:00\",\"mainEntityOfPage\":{\"@id\":\"https:\\\/\\\/turismo.uma.pt\\\/?p=3548\"},\"wordCount\":390,\"image\":{\"@id\":\"https:\\\/\\\/turismo.uma.pt\\\/?p=3548#primaryimage\"},\"thumbnailUrl\":\"https:\\\/\\\/turismo.uma.pt\\\/wp-content\\\/uploads\\\/2019\\\/10\\\/ITC_2019_PNG.png\",\"articleSection\":[\"CiTUR\",\"Confer\u00eancias, Palestras e Semin\u00e1rios\",\"Congressos\",\"Investiga\u00e7\u00e3o\",\"Investiga\u00e7\u00e3o Cient\u00edfica\"],\"inLanguage\":\"pt-PT\"},{\"@type\":\"WebPage\",\"@id\":\"https:\\\/\\\/turismo.uma.pt\\\/?p=3548\",\"url\":\"https:\\\/\\\/turismo.uma.pt\\\/?p=3548\",\"name\":\"XI International Tourism Congress no Funchal entre 5 e 7 de novembro - Projeto Turismo\",\"isPartOf\":{\"@id\":\"https:\\\/\\\/turismo.uma.pt\\\/#website\"},\"primaryImageOfPage\":{\"@id\":\"https:\\\/\\\/turismo.uma.pt\\\/?p=3548#primaryimage\"},\"image\":{\"@id\":\"https:\\\/\\\/turismo.uma.pt\\\/?p=3548#primaryimage\"},\"thumbnailUrl\":\"https:\\\/\\\/turismo.uma.pt\\\/wp-content\\\/uploads\\\/2019\\\/10\\\/ITC_2019_PNG.png\",\"datePublished\":\"2019-10-30T11:38:51+00:00\",\"dateModified\":\"2019-11-13T09:52:48+00:00\",\"author\":{\"@id\":\"https:\\\/\\\/turismo.uma.pt\\\/#\\\/schema\\\/person\\\/50f92df56f4e61db01d92afb0b8589ff\"},\"inLanguage\":\"pt-PT\",\"potentialAction\":[{\"@type\":\"ReadAction\",\"target\":[\"https:\\\/\\\/turismo.uma.pt\\\/?p=3548\"]}]},{\"@type\":\"ImageObject\",\"inLanguage\":\"pt-PT\",\"@id\":\"https:\\\/\\\/turismo.uma.pt\\\/?p=3548#primaryimage\",\"url\":\"https:\\\/\\\/turismo.uma.pt\\\/wp-content\\\/uploads\\\/2019\\\/10\\\/ITC_2019_PNG.png\",\"contentUrl\":\"https:\\\/\\\/turismo.uma.pt\\\/wp-content\\\/uploads\\\/2019\\\/10\\\/ITC_2019_PNG.png\",\"width\":4000,\"height\":2432},{\"@type\":\"WebSite\",\"@id\":\"https:\\\/\\\/turismo.uma.pt\\\/#website\",\"url\":\"https:\\\/\\\/turismo.uma.pt\\\/\",\"name\":\"Projeto Turismo\",\"description\":\"Universidade da Madeira\",\"potentialAction\":[{\"@type\":\"SearchAction\",\"target\":{\"@type\":\"EntryPoint\",\"urlTemplate\":\"https:\\\/\\\/turismo.uma.pt\\\/?s={search_term_string}\"},\"query-input\":{\"@type\":\"PropertyValueSpecification\",\"valueRequired\":true,\"valueName\":\"search_term_string\"}}],\"inLanguage\":\"pt-PT\"},{\"@type\":\"Person\",\"@id\":\"https:\\\/\\\/turismo.uma.pt\\\/#\\\/schema\\\/person\\\/50f92df56f4e61db01d92afb0b8589ff\",\"name\":\"Projeto Turismo - UMa\",\"image\":{\"@type\":\"ImageObject\",\"inLanguage\":\"pt-PT\",\"@id\":\"https:\\\/\\\/secure.gravatar.com\\\/avatar\\\/2592bc12bd40eaa70744802517aa1e23070df8c90e0fbdc9c4a0510a853a08df?s=96&d=blank&r=g\",\"url\":\"https:\\\/\\\/secure.gravatar.com\\\/avatar\\\/2592bc12bd40eaa70744802517aa1e23070df8c90e0fbdc9c4a0510a853a08df?s=96&d=blank&r=g\",\"contentUrl\":\"https:\\\/\\\/secure.gravatar.com\\\/avatar\\\/2592bc12bd40eaa70744802517aa1e23070df8c90e0fbdc9c4a0510a853a08df?s=96&d=blank&r=g\",\"caption\":\"Projeto Turismo - UMa\"},\"url\":\"https:\\\/\\\/turismo.uma.pt\\\/?author=1\"}]}<\/script>\n<!-- \/ Yoast SEO plugin. -->","yoast_head_json":{"title":"XI International Tourism Congress no Funchal entre 5 e 7 de novembro - Projeto Turismo","robots":{"index":"index","follow":"follow","max-snippet":"max-snippet:-1","max-image-preview":"max-image-preview:large","max-video-preview":"max-video-preview:-1"},"canonical":"https:\/\/turismo.uma.pt\/?p=3548","og_locale":"pt_PT","og_type":"article","og_title":"XI International Tourism Congress no Funchal entre 5 e 7 de novembro - Projeto Turismo","og_description":"O edif\u00edcio da Reitoria da Universidade da Madeira foi o local escolhido para a realiza\u00e7\u00e3o da 11\u00aa edi\u00e7\u00e3o do Congresso Internacional de Turismo (ITC\u201919), este ano subordinado ao tema \u201cA Imagem e a Sustentabilidade dos Destinos Tur\u00edsticos\u201d. O congresso realiza-se nos dias 5, 6 e 7 de novembro e \u00e9 organizado pela Universidade da Madeira&hellip;","og_url":"https:\/\/turismo.uma.pt\/?p=3548","og_site_name":"Projeto Turismo","article_published_time":"2019-10-30T11:38:51+00:00","article_modified_time":"2019-11-13T09:52:48+00:00","og_image":[{"width":4000,"height":2432,"url":"https:\/\/turismo.uma.pt\/wp-content\/uploads\/2019\/10\/ITC_2019_PNG.png","type":"image\/png"}],"author":"Projeto Turismo - UMa","twitter_card":"summary_large_image","twitter_misc":{"Escrito por":"Projeto Turismo - UMa","Tempo estimado de leitura":"2 minutos"},"schema":{"@context":"https:\/\/schema.org","@graph":[{"@type":"Article","@id":"https:\/\/turismo.uma.pt\/?p=3548#article","isPartOf":{"@id":"https:\/\/turismo.uma.pt\/?p=3548"},"author":{"name":"Projeto Turismo - UMa","@id":"https:\/\/turismo.uma.pt\/#\/schema\/person\/50f92df56f4e61db01d92afb0b8589ff"},"headline":"XI International Tourism Congress no Funchal entre 5 e 7 de novembro","datePublished":"2019-10-30T11:38:51+00:00","dateModified":"2019-11-13T09:52:48+00:00","mainEntityOfPage":{"@id":"https:\/\/turismo.uma.pt\/?p=3548"},"wordCount":390,"image":{"@id":"https:\/\/turismo.uma.pt\/?p=3548#primaryimage"},"thumbnailUrl":"https:\/\/turismo.uma.pt\/wp-content\/uploads\/2019\/10\/ITC_2019_PNG.png","articleSection":["CiTUR","Confer\u00eancias, Palestras e Semin\u00e1rios","Congressos","Investiga\u00e7\u00e3o","Investiga\u00e7\u00e3o Cient\u00edfica"],"inLanguage":"pt-PT"},{"@type":"WebPage","@id":"https:\/\/turismo.uma.pt\/?p=3548","url":"https:\/\/turismo.uma.pt\/?p=3548","name":"XI International Tourism Congress no Funchal entre 5 e 7 de novembro - Projeto Turismo","isPartOf":{"@id":"https:\/\/turismo.uma.pt\/#website"},"primaryImageOfPage":{"@id":"https:\/\/turismo.uma.pt\/?p=3548#primaryimage"},"image":{"@id":"https:\/\/turismo.uma.pt\/?p=3548#primaryimage"},"thumbnailUrl":"https:\/\/turismo.uma.pt\/wp-content\/uploads\/2019\/10\/ITC_2019_PNG.png","datePublished":"2019-10-30T11:38:51+00:00","dateModified":"2019-11-13T09:52:48+00:00","author":{"@id":"https:\/\/turismo.uma.pt\/#\/schema\/person\/50f92df56f4e61db01d92afb0b8589ff"},"inLanguage":"pt-PT","potentialAction":[{"@type":"ReadAction","target":["https:\/\/turismo.uma.pt\/?p=3548"]}]},{"@type":"ImageObject","inLanguage":"pt-PT","@id":"https:\/\/turismo.uma.pt\/?p=3548#primaryimage","url":"https:\/\/turismo.uma.pt\/wp-content\/uploads\/2019\/10\/ITC_2019_PNG.png","contentUrl":"https:\/\/turismo.uma.pt\/wp-content\/uploads\/2019\/10\/ITC_2019_PNG.png","width":4000,"height":2432},{"@type":"WebSite","@id":"https:\/\/turismo.uma.pt\/#website","url":"https:\/\/turismo.uma.pt\/","name":"Projeto Turismo","description":"Universidade da Madeira","potentialAction":[{"@type":"SearchAction","target":{"@type":"EntryPoint","urlTemplate":"https:\/\/turismo.uma.pt\/?s={search_term_string}"},"query-input":{"@type":"PropertyValueSpecification","valueRequired":true,"valueName":"search_term_string"}}],"inLanguage":"pt-PT"},{"@type":"Person","@id":"https:\/\/turismo.uma.pt\/#\/schema\/person\/50f92df56f4e61db01d92afb0b8589ff","name":"Projeto Turismo - UMa","image":{"@type":"ImageObject","inLanguage":"pt-PT","@id":"https:\/\/secure.gravatar.com\/avatar\/2592bc12bd40eaa70744802517aa1e23070df8c90e0fbdc9c4a0510a853a08df?s=96&d=blank&r=g","url":"https:\/\/secure.gravatar.com\/avatar\/2592bc12bd40eaa70744802517aa1e23070df8c90e0fbdc9c4a0510a853a08df?s=96&d=blank&r=g","contentUrl":"https:\/\/secure.gravatar.com\/avatar\/2592bc12bd40eaa70744802517aa1e23070df8c90e0fbdc9c4a0510a853a08df?s=96&d=blank&r=g","caption":"Projeto Turismo - UMa"},"url":"https:\/\/turismo.uma.pt\/?author=1"}]}},"_links":{"self":[{"href":"https:\/\/turismo.uma.pt\/index.php?rest_route=\/wp\/v2\/posts\/3548","targetHints":{"allow":["GET"]}}],"collection":[{"href":"https:\/\/turismo.uma.pt\/index.php?rest_route=\/wp\/v2\/posts"}],"about":[{"href":"https:\/\/turismo.uma.pt\/index.php?rest_route=\/wp\/v2\/types\/post"}],"author":[{"embeddable":true,"href":"https:\/\/turismo.uma.pt\/index.php?rest_route=\/wp\/v2\/users\/1"}],"replies":[{"embeddable":true,"href":"https:\/\/turismo.uma.pt\/index.php?rest_route=%2Fwp%2Fv2%2Fcomments&post=3548"}],"version-history":[{"count":3,"href":"https:\/\/turismo.uma.pt\/index.php?rest_route=\/wp\/v2\/posts\/3548\/revisions"}],"predecessor-version":[{"id":3550,"href":"https:\/\/turismo.uma.pt\/index.php?rest_route=\/wp\/v2\/posts\/3548\/revisions\/3550"}],"wp:featuredmedia":[{"embeddable":true,"href":"https:\/\/turismo.uma.pt\/index.php?rest_route=\/wp\/v2\/media\/3558"}],"wp:attachment":[{"href":"https:\/\/turismo.uma.pt\/index.php?rest_route=%2Fwp%2Fv2%2Fmedia&parent=3548"}],"wp:term":[{"taxonomy":"category","embeddable":true,"href":"https:\/\/turismo.uma.pt\/index.php?rest_route=%2Fwp%2Fv2%2Fcategories&post=3548"},{"taxonomy":"post_tag","embeddable":true,"href":"https:\/\/turismo.uma.pt\/index.php?rest_route=%2Fwp%2Fv2%2Ftags&post=3548"}],"curies":[{"name":"wp","href":"https:\/\/api.w.org\/{rel}","templated":true}]}}