{"id":597,"date":"2015-07-14T10:07:26","date_gmt":"2015-07-14T10:07:26","guid":{"rendered":"http:\/\/turismo.uma.pt\/?p=597"},"modified":"2015-07-14T10:14:45","modified_gmt":"2015-07-14T10:14:45","slug":"formacao-para-executivos-3o-curso-gestao-do-turismo-reportagem-multimedia","status":"publish","type":"post","link":"https:\/\/turismo.uma.pt\/?p=597","title":{"rendered":"Forma\u00e7\u00e3o para Executivos (3\u00ba curso) | Gest\u00e3o do Turismo | Reportagem Multim\u00e9dia"},"content":{"rendered":"<p style=\"text-align: justify;\"><span style=\"font-size: 10.5pt; font-family: 'Helvetica','sans-serif'; color: #444444;\">Entre 2 e 4 de julho decorreu na Universidade da Madeira (Col\u00e9gio dos Jesu\u00edtas) o terceiro curso do Programa de Forma\u00e7\u00e3o para Executivos em Gest\u00e3o do Turismo, intitulado &#8220;Estrutura do produto no destino insular&#8221;, lecionado pelo Prof. Josep-Francesc Valls e com a presen\u00e7a do executivo convidado Dr. Joan Marull (Principal Advisor da Six Senses Hotels Resorts Spas).<br \/>\n<\/span><\/p>\n<p style=\"text-align: justify;\"><a href=\"http:\/\/turismo.uma.pt\/wp-content\/uploads\/2015\/07\/1.jpg\"><img loading=\"lazy\" decoding=\"async\" class=\"alignnone size-full wp-image-600\" src=\"http:\/\/turismo.uma.pt\/wp-content\/uploads\/2015\/07\/1.jpg\" alt=\"1\" width=\"4903\" height=\"3269\" srcset=\"https:\/\/turismo.uma.pt\/wp-content\/uploads\/2015\/07\/1.jpg 4903w, https:\/\/turismo.uma.pt\/wp-content\/uploads\/2015\/07\/1-300x200.jpg 300w, https:\/\/turismo.uma.pt\/wp-content\/uploads\/2015\/07\/1-1024x683.jpg 1024w, https:\/\/turismo.uma.pt\/wp-content\/uploads\/2015\/07\/1-624x416.jpg 624w\" sizes=\"auto, (max-width: 4903px) 100vw, 4903px\" \/><\/a><\/p>\n<p style=\"text-align: justify;\"><a href=\"http:\/\/turismo.uma.pt\/wp-content\/uploads\/2015\/07\/3.jpg\"><img loading=\"lazy\" decoding=\"async\" class=\"alignnone size-full wp-image-602\" src=\"http:\/\/turismo.uma.pt\/wp-content\/uploads\/2015\/07\/3.jpg\" alt=\"3\" width=\"4993\" height=\"3329\" srcset=\"https:\/\/turismo.uma.pt\/wp-content\/uploads\/2015\/07\/3.jpg 4993w, https:\/\/turismo.uma.pt\/wp-content\/uploads\/2015\/07\/3-300x200.jpg 300w, https:\/\/turismo.uma.pt\/wp-content\/uploads\/2015\/07\/3-1024x683.jpg 1024w, https:\/\/turismo.uma.pt\/wp-content\/uploads\/2015\/07\/3-624x416.jpg 624w\" sizes=\"auto, (max-width: 4993px) 100vw, 4993px\" \/><\/a><\/p>\n<p style=\"text-align: justify;\"><a href=\"http:\/\/turismo.uma.pt\/wp-content\/uploads\/2015\/07\/2.jpg\"><img loading=\"lazy\" decoding=\"async\" class=\"alignnone size-full wp-image-601\" src=\"http:\/\/turismo.uma.pt\/wp-content\/uploads\/2015\/07\/2.jpg\" alt=\"2\" width=\"5445\" height=\"3630\" srcset=\"https:\/\/turismo.uma.pt\/wp-content\/uploads\/2015\/07\/2.jpg 5445w, https:\/\/turismo.uma.pt\/wp-content\/uploads\/2015\/07\/2-300x200.jpg 300w, https:\/\/turismo.uma.pt\/wp-content\/uploads\/2015\/07\/2-1024x683.jpg 1024w, https:\/\/turismo.uma.pt\/wp-content\/uploads\/2015\/07\/2-624x416.jpg 624w\" sizes=\"auto, (max-width: 5445px) 100vw, 5445px\" \/><\/a><\/p>\n","protected":false},"excerpt":{"rendered":"<p>Entre 2 e 4 de julho decorreu na Universidade da Madeira (Col\u00e9gio dos Jesu\u00edtas) o terceiro curso do Programa de Forma\u00e7\u00e3o para Executivos em Gest\u00e3o do Turismo, intitulado &#8220;Estrutura do produto no destino insular&#8221;, lecionado pelo Prof. Josep-Francesc Valls e com a presen\u00e7a do executivo convidado Dr. Joan Marull (Principal Advisor da Six Senses Hotels&hellip;<\/p>\n","protected":false},"author":1,"featured_media":0,"comment_status":"closed","ping_status":"open","sticky":false,"template":"","format":"aside","meta":{"_monsterinsights_skip_tracking":false,"_monsterinsights_sitenote_active":false,"_monsterinsights_sitenote_note":"","_monsterinsights_sitenote_category":0,"footnotes":""},"categories":[1],"tags":[],"class_list":["post-597","post","type-post","status-publish","format-aside","hentry","category-sem-categoria","post_format-post-format-aside"],"yoast_head":"<!-- This site is optimized with the Yoast SEO plugin v27.4 - https:\/\/yoast.com\/product\/yoast-seo-wordpress\/ -->\n<title>Forma\u00e7\u00e3o para Executivos (3\u00ba curso) | Gest\u00e3o do Turismo | Reportagem Multim\u00e9dia - Projeto Turismo<\/title>\n<meta name=\"robots\" content=\"index, follow, max-snippet:-1, max-image-preview:large, max-video-preview:-1\" \/>\n<link rel=\"canonical\" href=\"https:\/\/turismo.uma.pt\/?p=597\" \/>\n<meta property=\"og:locale\" content=\"pt_PT\" \/>\n<meta property=\"og:type\" content=\"article\" \/>\n<meta property=\"og:title\" content=\"Forma\u00e7\u00e3o para Executivos (3\u00ba curso) | Gest\u00e3o do Turismo | Reportagem Multim\u00e9dia - Projeto Turismo\" \/>\n<meta property=\"og:description\" content=\"Entre 2 e 4 de julho decorreu na Universidade da Madeira (Col\u00e9gio dos Jesu\u00edtas) o terceiro curso do Programa de Forma\u00e7\u00e3o para Executivos em Gest\u00e3o do Turismo, intitulado &#8220;Estrutura do produto no destino insular&#8221;, lecionado pelo Prof. Josep-Francesc Valls e com a presen\u00e7a do executivo convidado Dr. Joan Marull (Principal Advisor da Six Senses Hotels&hellip;\" \/>\n<meta property=\"og:url\" content=\"https:\/\/turismo.uma.pt\/?p=597\" \/>\n<meta property=\"og:site_name\" content=\"Projeto Turismo\" \/>\n<meta property=\"article:published_time\" content=\"2015-07-14T10:07:26+00:00\" \/>\n<meta property=\"article:modified_time\" content=\"2015-07-14T10:14:45+00:00\" \/>\n<meta property=\"og:image\" content=\"http:\/\/turismo.uma.pt\/wp-content\/uploads\/2015\/07\/1.jpg\" \/>\n<meta name=\"author\" content=\"Projeto Turismo - UMa\" \/>\n<meta name=\"twitter:card\" content=\"summary_large_image\" \/>\n<meta name=\"twitter:label1\" content=\"Escrito por\" \/>\n\t<meta name=\"twitter:data1\" content=\"Projeto Turismo - UMa\" \/>\n<script type=\"application\/ld+json\" class=\"yoast-schema-graph\">{\"@context\":\"https:\\\/\\\/schema.org\",\"@graph\":[{\"@type\":\"Article\",\"@id\":\"https:\\\/\\\/turismo.uma.pt\\\/?p=597#article\",\"isPartOf\":{\"@id\":\"https:\\\/\\\/turismo.uma.pt\\\/?p=597\"},\"author\":{\"name\":\"Projeto Turismo - UMa\",\"@id\":\"https:\\\/\\\/turismo.uma.pt\\\/#\\\/schema\\\/person\\\/50f92df56f4e61db01d92afb0b8589ff\"},\"headline\":\"Forma\u00e7\u00e3o para Executivos (3\u00ba curso) | Gest\u00e3o do Turismo | Reportagem Multim\u00e9dia\",\"datePublished\":\"2015-07-14T10:07:26+00:00\",\"dateModified\":\"2015-07-14T10:14:45+00:00\",\"mainEntityOfPage\":{\"@id\":\"https:\\\/\\\/turismo.uma.pt\\\/?p=597\"},\"wordCount\":72,\"image\":{\"@id\":\"https:\\\/\\\/turismo.uma.pt\\\/?p=597#primaryimage\"},\"thumbnailUrl\":\"http:\\\/\\\/turismo.uma.pt\\\/wp-content\\\/uploads\\\/2015\\\/07\\\/1.jpg\",\"inLanguage\":\"pt-PT\"},{\"@type\":\"WebPage\",\"@id\":\"https:\\\/\\\/turismo.uma.pt\\\/?p=597\",\"url\":\"https:\\\/\\\/turismo.uma.pt\\\/?p=597\",\"name\":\"Forma\u00e7\u00e3o para Executivos (3\u00ba curso) | Gest\u00e3o do Turismo | Reportagem Multim\u00e9dia - Projeto Turismo\",\"isPartOf\":{\"@id\":\"https:\\\/\\\/turismo.uma.pt\\\/#website\"},\"primaryImageOfPage\":{\"@id\":\"https:\\\/\\\/turismo.uma.pt\\\/?p=597#primaryimage\"},\"image\":{\"@id\":\"https:\\\/\\\/turismo.uma.pt\\\/?p=597#primaryimage\"},\"thumbnailUrl\":\"http:\\\/\\\/turismo.uma.pt\\\/wp-content\\\/uploads\\\/2015\\\/07\\\/1.jpg\",\"datePublished\":\"2015-07-14T10:07:26+00:00\",\"dateModified\":\"2015-07-14T10:14:45+00:00\",\"author\":{\"@id\":\"https:\\\/\\\/turismo.uma.pt\\\/#\\\/schema\\\/person\\\/50f92df56f4e61db01d92afb0b8589ff\"},\"inLanguage\":\"pt-PT\",\"potentialAction\":[{\"@type\":\"ReadAction\",\"target\":[\"https:\\\/\\\/turismo.uma.pt\\\/?p=597\"]}]},{\"@type\":\"ImageObject\",\"inLanguage\":\"pt-PT\",\"@id\":\"https:\\\/\\\/turismo.uma.pt\\\/?p=597#primaryimage\",\"url\":\"http:\\\/\\\/turismo.uma.pt\\\/wp-content\\\/uploads\\\/2015\\\/07\\\/1.jpg\",\"contentUrl\":\"http:\\\/\\\/turismo.uma.pt\\\/wp-content\\\/uploads\\\/2015\\\/07\\\/1.jpg\"},{\"@type\":\"WebSite\",\"@id\":\"https:\\\/\\\/turismo.uma.pt\\\/#website\",\"url\":\"https:\\\/\\\/turismo.uma.pt\\\/\",\"name\":\"Projeto Turismo\",\"description\":\"Universidade da Madeira\",\"potentialAction\":[{\"@type\":\"SearchAction\",\"target\":{\"@type\":\"EntryPoint\",\"urlTemplate\":\"https:\\\/\\\/turismo.uma.pt\\\/?s={search_term_string}\"},\"query-input\":{\"@type\":\"PropertyValueSpecification\",\"valueRequired\":true,\"valueName\":\"search_term_string\"}}],\"inLanguage\":\"pt-PT\"},{\"@type\":\"Person\",\"@id\":\"https:\\\/\\\/turismo.uma.pt\\\/#\\\/schema\\\/person\\\/50f92df56f4e61db01d92afb0b8589ff\",\"name\":\"Projeto Turismo - UMa\",\"image\":{\"@type\":\"ImageObject\",\"inLanguage\":\"pt-PT\",\"@id\":\"https:\\\/\\\/secure.gravatar.com\\\/avatar\\\/2592bc12bd40eaa70744802517aa1e23070df8c90e0fbdc9c4a0510a853a08df?s=96&d=blank&r=g\",\"url\":\"https:\\\/\\\/secure.gravatar.com\\\/avatar\\\/2592bc12bd40eaa70744802517aa1e23070df8c90e0fbdc9c4a0510a853a08df?s=96&d=blank&r=g\",\"contentUrl\":\"https:\\\/\\\/secure.gravatar.com\\\/avatar\\\/2592bc12bd40eaa70744802517aa1e23070df8c90e0fbdc9c4a0510a853a08df?s=96&d=blank&r=g\",\"caption\":\"Projeto Turismo - UMa\"},\"url\":\"https:\\\/\\\/turismo.uma.pt\\\/?author=1\"}]}<\/script>\n<!-- \/ Yoast SEO plugin. -->","yoast_head_json":{"title":"Forma\u00e7\u00e3o para Executivos (3\u00ba curso) | Gest\u00e3o do Turismo | Reportagem Multim\u00e9dia - Projeto Turismo","robots":{"index":"index","follow":"follow","max-snippet":"max-snippet:-1","max-image-preview":"max-image-preview:large","max-video-preview":"max-video-preview:-1"},"canonical":"https:\/\/turismo.uma.pt\/?p=597","og_locale":"pt_PT","og_type":"article","og_title":"Forma\u00e7\u00e3o para Executivos (3\u00ba curso) | Gest\u00e3o do Turismo | Reportagem Multim\u00e9dia - Projeto Turismo","og_description":"Entre 2 e 4 de julho decorreu na Universidade da Madeira (Col\u00e9gio dos Jesu\u00edtas) o terceiro curso do Programa de Forma\u00e7\u00e3o para Executivos em Gest\u00e3o do Turismo, intitulado &#8220;Estrutura do produto no destino insular&#8221;, lecionado pelo Prof. Josep-Francesc Valls e com a presen\u00e7a do executivo convidado Dr. Joan Marull (Principal Advisor da Six Senses Hotels&hellip;","og_url":"https:\/\/turismo.uma.pt\/?p=597","og_site_name":"Projeto Turismo","article_published_time":"2015-07-14T10:07:26+00:00","article_modified_time":"2015-07-14T10:14:45+00:00","og_image":[{"url":"http:\/\/turismo.uma.pt\/wp-content\/uploads\/2015\/07\/1.jpg","type":"","width":"","height":""}],"author":"Projeto Turismo - UMa","twitter_card":"summary_large_image","twitter_misc":{"Escrito por":"Projeto Turismo - UMa"},"schema":{"@context":"https:\/\/schema.org","@graph":[{"@type":"Article","@id":"https:\/\/turismo.uma.pt\/?p=597#article","isPartOf":{"@id":"https:\/\/turismo.uma.pt\/?p=597"},"author":{"name":"Projeto Turismo - UMa","@id":"https:\/\/turismo.uma.pt\/#\/schema\/person\/50f92df56f4e61db01d92afb0b8589ff"},"headline":"Forma\u00e7\u00e3o para Executivos (3\u00ba curso) | Gest\u00e3o do Turismo | Reportagem Multim\u00e9dia","datePublished":"2015-07-14T10:07:26+00:00","dateModified":"2015-07-14T10:14:45+00:00","mainEntityOfPage":{"@id":"https:\/\/turismo.uma.pt\/?p=597"},"wordCount":72,"image":{"@id":"https:\/\/turismo.uma.pt\/?p=597#primaryimage"},"thumbnailUrl":"http:\/\/turismo.uma.pt\/wp-content\/uploads\/2015\/07\/1.jpg","inLanguage":"pt-PT"},{"@type":"WebPage","@id":"https:\/\/turismo.uma.pt\/?p=597","url":"https:\/\/turismo.uma.pt\/?p=597","name":"Forma\u00e7\u00e3o para Executivos (3\u00ba curso) | Gest\u00e3o do Turismo | Reportagem Multim\u00e9dia - Projeto Turismo","isPartOf":{"@id":"https:\/\/turismo.uma.pt\/#website"},"primaryImageOfPage":{"@id":"https:\/\/turismo.uma.pt\/?p=597#primaryimage"},"image":{"@id":"https:\/\/turismo.uma.pt\/?p=597#primaryimage"},"thumbnailUrl":"http:\/\/turismo.uma.pt\/wp-content\/uploads\/2015\/07\/1.jpg","datePublished":"2015-07-14T10:07:26+00:00","dateModified":"2015-07-14T10:14:45+00:00","author":{"@id":"https:\/\/turismo.uma.pt\/#\/schema\/person\/50f92df56f4e61db01d92afb0b8589ff"},"inLanguage":"pt-PT","potentialAction":[{"@type":"ReadAction","target":["https:\/\/turismo.uma.pt\/?p=597"]}]},{"@type":"ImageObject","inLanguage":"pt-PT","@id":"https:\/\/turismo.uma.pt\/?p=597#primaryimage","url":"http:\/\/turismo.uma.pt\/wp-content\/uploads\/2015\/07\/1.jpg","contentUrl":"http:\/\/turismo.uma.pt\/wp-content\/uploads\/2015\/07\/1.jpg"},{"@type":"WebSite","@id":"https:\/\/turismo.uma.pt\/#website","url":"https:\/\/turismo.uma.pt\/","name":"Projeto Turismo","description":"Universidade da Madeira","potentialAction":[{"@type":"SearchAction","target":{"@type":"EntryPoint","urlTemplate":"https:\/\/turismo.uma.pt\/?s={search_term_string}"},"query-input":{"@type":"PropertyValueSpecification","valueRequired":true,"valueName":"search_term_string"}}],"inLanguage":"pt-PT"},{"@type":"Person","@id":"https:\/\/turismo.uma.pt\/#\/schema\/person\/50f92df56f4e61db01d92afb0b8589ff","name":"Projeto Turismo - UMa","image":{"@type":"ImageObject","inLanguage":"pt-PT","@id":"https:\/\/secure.gravatar.com\/avatar\/2592bc12bd40eaa70744802517aa1e23070df8c90e0fbdc9c4a0510a853a08df?s=96&d=blank&r=g","url":"https:\/\/secure.gravatar.com\/avatar\/2592bc12bd40eaa70744802517aa1e23070df8c90e0fbdc9c4a0510a853a08df?s=96&d=blank&r=g","contentUrl":"https:\/\/secure.gravatar.com\/avatar\/2592bc12bd40eaa70744802517aa1e23070df8c90e0fbdc9c4a0510a853a08df?s=96&d=blank&r=g","caption":"Projeto Turismo - UMa"},"url":"https:\/\/turismo.uma.pt\/?author=1"}]}},"_links":{"self":[{"href":"https:\/\/turismo.uma.pt\/index.php?rest_route=\/wp\/v2\/posts\/597","targetHints":{"allow":["GET"]}}],"collection":[{"href":"https:\/\/turismo.uma.pt\/index.php?rest_route=\/wp\/v2\/posts"}],"about":[{"href":"https:\/\/turismo.uma.pt\/index.php?rest_route=\/wp\/v2\/types\/post"}],"author":[{"embeddable":true,"href":"https:\/\/turismo.uma.pt\/index.php?rest_route=\/wp\/v2\/users\/1"}],"replies":[{"embeddable":true,"href":"https:\/\/turismo.uma.pt\/index.php?rest_route=%2Fwp%2Fv2%2Fcomments&post=597"}],"version-history":[{"count":4,"href":"https:\/\/turismo.uma.pt\/index.php?rest_route=\/wp\/v2\/posts\/597\/revisions"}],"predecessor-version":[{"id":604,"href":"https:\/\/turismo.uma.pt\/index.php?rest_route=\/wp\/v2\/posts\/597\/revisions\/604"}],"wp:attachment":[{"href":"https:\/\/turismo.uma.pt\/index.php?rest_route=%2Fwp%2Fv2%2Fmedia&parent=597"}],"wp:term":[{"taxonomy":"category","embeddable":true,"href":"https:\/\/turismo.uma.pt\/index.php?rest_route=%2Fwp%2Fv2%2Fcategories&post=597"},{"taxonomy":"post_tag","embeddable":true,"href":"https:\/\/turismo.uma.pt\/index.php?rest_route=%2Fwp%2Fv2%2Ftags&post=597"}],"curies":[{"name":"wp","href":"https:\/\/api.w.org\/{rel}","templated":true}]}}